{"id":2380,"date":"2024-11-14T13:52:37","date_gmt":"2024-11-14T10:52:37","guid":{"rendered":"https:\/\/bytransfer.com.tr\/?p=781"},"modified":"2026-04-17T12:44:15","modified_gmt":"2026-04-17T12:44:15","slug":"selcukta-gezilecek-yerler","status":"publish","type":"post","link":"https:\/\/www.bytransfer.com.tr\/yeni\/selcukta-gezilecek-yerler\/","title":{"rendered":"Sel\u00e7uk&#8217;ta Gezilecek Yerler"},"content":{"rendered":"\n<h1 class=\"wp-block-heading\" style=\"font-size:22px;font-style:normal;font-weight:500;text-transform:capitalize\">Sek\u00e7uk ta Gezilecek Yerler<\/h1>\n\n\n\n<p><\/p>\n\n\n\n<p>Sel\u00e7uk, \u0130zmir\u2019in g\u00fcneyinde, tarihi <strong>Efes Antik Kenti<\/strong>\u2019ne ev sahipli\u011fi yapan bir turistik il\u00e7edir. <strong><a href=\"https:\/\/adnanmenderesairport.com\/tr-TR\/\" target=\"_blank\" rel=\"noopener\">Adnan Menderes Havaalan\u0131<\/a><\/strong>na 75 km uzakl\u0131kta bulunan Sel\u00e7uk, Ege Denizi ile \u00e7evrilidir ve \u00f6nemli k\u00fclt\u00fcrel miraslar\u0131 aras\u0131nda Artemis Tap\u0131na\u011f\u0131 ve Meryem Ana Evi bulunmaktad\u0131r. 1914 y\u0131l\u0131nda Ayasuluk ad\u0131yla bilinirken, 1957\u2019de il\u00e7e stat\u00fcs\u00fc kazanm\u0131\u015ft\u0131r. \u00d6te yandan, Sel\u00e7uk, her y\u0131l yakla\u015f\u0131k 2 milyon turist \u00e7eken Efes ile zengin bir tarih ve k\u00fclt\u00fcr harmonisi sunmaktad\u0131r. Dolay\u0131s\u0131yla, siz de Sel\u00e7uk il\u00e7esine ula\u015fmada g\u00fcvenilir bir <a href=\"https:\/\/www.bytransfer.com.tr\/yeni\/hizmetlerimiz\/izmir-havalimani-transferi\/\">\u0130zmir Havaliman\u0131 transfer<\/a> s\u00fcreci i\u00e7in <a href=\"https:\/\/www.bytransfer.com.tr\/yeni\/\">Bytransfer<\/a> ile ileti\u015fime ge\u00e7ebilirsiniz.&nbsp;<\/p>\n\n\n\n<p><\/p>\n\n\n\n<h2 class=\"wp-block-heading\" style=\"font-size:22px;font-style:normal;font-weight:500\">Efes Antik Kenti<\/h2>\n\n\n\n<p><\/p>\n\n\n\n<p>M\u00d6 10. y\u00fczy\u0131la dayanan tarihiyle Efes, Roma d\u00f6neminin en b\u00fcy\u00fck ve \u00f6nemli \u015fehirlerinden biri olarak bilinmektedir. S\u00f6z konusu tarihi b\u00f6lge, Celsus K\u00fct\u00fcphanesi, <strong>Artemis Tap\u0131na\u011f\u0131<\/strong>, B\u00fcy\u00fck Tiyatro ve Hadrian Tap\u0131na\u011f\u0131 gibi yap\u0131lar ile turistlerin odak noktas\u0131 haline gelmi\u015ftir. \u00d6zellikle 25.000 ki\u015filik kapasiteye sahip antik tiyatro ve ihti\u015faml\u0131 s\u00fctunlar\u0131yla <strong>Celsus K\u00fct\u00fcphanesi<\/strong> ve Artemis Tap\u0131na\u011f\u0131\u2019n\u0131n kal\u0131nt\u0131lar\u0131 ziyaret\u00e7ilerin ilgisini \u00e7ekmektedir.<\/p>\n\n\n<div class=\"wp-block-image\">\n<figure class=\"aligncenter size-full is-resized\"><img decoding=\"async\" src=\"https:\/\/www.bytransfer.com.tr\/yeni\/wp-content\/uploads\/efes-antik-kenti.jpg\" alt=\"\" class=\"wp-image-782\" style=\"width:414px;height:auto\" \/><\/figure>\n<\/div>\n\n\n<p><\/p>\n\n\n\n<h2 class=\"wp-block-heading\" style=\"font-size:22px;font-style:normal;font-weight:500\">\u015eirince K\u00f6y\u00fc<\/h2>\n\n\n\n<p><\/p>\n\n\n\n<p>Sel\u00e7uk\u2019a 8 km uzakl\u0131kta bulunan \u015eirince, tarihi Rum evleri, \u015faraplar\u0131, meyve bah\u00e7eleri ve dar ve dekoratif sokaklar\u0131 ile \u00fcnl\u00fcd\u00fcr. Buray\u0131 gezi destinasyonu olarak se\u00e7erek, el yap\u0131m\u0131 \u00fcr\u00fcnlerin sat\u0131ld\u0131\u011f\u0131 d\u00fckkanlar\u0131 ziyaret edebilir ve yerel \u015faraplardan tadabilirsiniz.<\/p>\n\n\n\n<p><\/p>\n\n\n<div class=\"wp-block-image\">\n<figure class=\"aligncenter size-full is-resized\"><img decoding=\"async\" src=\"https:\/\/www.bytransfer.com.tr\/yeni\/wp-content\/uploads\/Sirince-koyu.jpg\" alt=\"\" class=\"wp-image-783\" style=\"width:438px;height:auto\" \/><\/figure>\n<\/div>\n\n\n<p><\/p>\n\n\n\n<h2 class=\"wp-block-heading\" style=\"font-size:22px;font-style:normal;font-weight:500\">Nesin Matematik K\u00f6y\u00fc<\/h2>\n\n\n\n<p><\/p>\n\n\n\n<p>Matematik ve bilim alan\u0131nda e\u011fitim vermek amac\u0131yla <a href=\"https:\/\/tr.wikipedia.org\/wiki\/Nesin_Vakf%C4%B1\" target=\"_blank\" rel=\"noopener\">Aziz Nesin Vakf\u0131<\/a> taraf\u0131ndan kurulan bu k\u00f6y, \u00f6\u011frencilere ve ara\u015ft\u0131rmac\u0131lara y\u00f6nelik d\u00fczenlenen kamplar\u0131 ile \u00fcnl\u00fcd\u00fcr. Buraya ziyaret ederek, e\u011fitim at\u00f6lyelerine kat\u0131labilir, matematik merakl\u0131lar\u0131 i\u00e7in d\u00fczenlenen etkinlikleri yak\u0131ndan izleyebilirsiniz.<\/p>\n\n\n\n<p><\/p>\n\n\n<div class=\"wp-block-image\">\n<figure class=\"aligncenter size-full is-resized\"><img decoding=\"async\" src=\"https:\/\/www.bytransfer.com.tr\/yeni\/wp-content\/uploads\/Nesin-Matematik-Koyu.jpg\" alt=\"\" class=\"wp-image-784\" style=\"width:441px;height:auto\" \/><\/figure>\n<\/div>\n\n\n<p><\/p>\n\n\n\n<h2 class=\"wp-block-heading\" style=\"font-size:22px;font-style:normal;font-weight:500;text-transform:capitalize\">Efes Arkeoloji M\u00fczesi<\/h2>\n\n\n\n<p><\/p>\n\n\n\n<p>Efes Antik Kenti\u2019nden \u00e7\u0131kar\u0131lan eserlerin sergilendi\u011fi m\u00fcze, heykeller, sikkeler, tak\u0131lar gibi bir\u00e7ok tarihi esere ev sahipli\u011fi yapmaktad\u0131r. \u00d6ne \u00e7\u0131kan eserleri aras\u0131nda Artemis heykeli ve Efes\u2019teki tap\u0131naklara ait detaylar olduk\u00e7a dikkat \u00e7ekmektedir.<\/p>\n\n\n\n<p><\/p>\n\n\n\n<h2 class=\"wp-block-heading\" style=\"font-size:22px;font-style:normal;font-weight:500\">A\u00e7\u0131khava Buharl\u0131 Lokomotif M\u00fczesi<\/h2>\n\n\n\n<p><\/p>\n\n\n\n<p><strong>A\u00e7\u0131khava Buharl\u0131 Lokomotif M\u00fczesi<\/strong>, d\u00fcnyada say\u0131lar\u0131 ve uygulama alanlar\u0131 gittik\u00e7e azalan ve demiryollar\u0131n\u0131n simgesi haline gelen buharl\u0131 lokomotifleri de\u011ferlendirmek ve demiryolu miras\u0131n\u0131 gelecek nesillere aktarmak amac\u0131yla 28 Eyl\u00fcl 1991 tarihinde kurulmu\u015ftur. \u0130ngiliz, Frans\u0131z, Amerikan, \u0130sve\u00e7 ve \u00c7ekoslovakya yap\u0131m\u0131 otuz buharl\u0131 lokomotife ek olarak d\u00fcnyada sadece iki adet kalan ve odunla \u00e7al\u0131\u015fabilen, \u0130ngiliz yap\u0131m\u0131 bir lokomotif de burada g\u00f6r\u00fclebilir.<\/p>\n\n\n\n<p><\/p>\n\n\n<div class=\"wp-block-image\">\n<figure class=\"aligncenter size-full is-resized\"><img decoding=\"async\" src=\"https:\/\/www.bytransfer.com.tr\/yeni\/wp-content\/uploads\/TCDD-Open-Air-Steam-Locomotive-Museum.jpg\" alt=\"\" class=\"wp-image-785\" style=\"width:452px;height:auto\" \/><\/figure>\n<\/div>\n\n\n<p><\/p>\n\n\n\n<h2 class=\"wp-block-heading\" style=\"font-size:22px;font-style:normal;font-weight:500\">\u00c7etin K\u00fclt\u00fcr K\u00f6y\u00fc M\u00fczesi<\/h2>\n\n\n\n<p><\/p>\n\n\n\n<p>Sel\u00e7uk\u2019un k\u00fclt\u00fcrel miras\u0131n\u0131 yans\u0131tan bu maket m\u00fcze, eski d\u00f6nemlerden kalma g\u00fcnl\u00fck e\u015fya, k\u0131yafet ve ara\u00e7-gere\u00e7leri o d\u00f6nemin ya\u015fam tarz\u0131ndaki kullan\u0131m\u0131 ile sergilemektedir. M\u00fczeyi ziyaret ederek Anadolu k\u00fclt\u00fcr\u00fcn\u00fc yak\u0131ndan inceleyebilir ve o d\u00f6nemde kullan\u0131lan geleneksel k\u0131yafetler, tar\u0131m aletleri ve eski mobilyalar\u0131 deneyimleyebilirsiniz.&nbsp;<\/p>\n\n\n\n<p><\/p>\n\n\n<div class=\"wp-block-image\">\n<figure class=\"aligncenter size-full is-resized\"><img decoding=\"async\" src=\"https:\/\/www.bytransfer.com.tr\/yeni\/wp-content\/uploads\/Cetin-Culture-Village-Museum.jpeg\" alt=\"\" class=\"wp-image-786\" style=\"width:283px;height:auto\" \/><\/figure>\n<\/div>\n\n\n<p><\/p>\n\n\n\n<h2 class=\"wp-block-heading\" style=\"font-size:22px;font-style:normal;font-weight:500\">Saadet Hatun Hamam\u0131 M\u00fczesi<\/h2>\n\n\n\n<p><\/p>\n\n\n\n<p>Osmanl\u0131 d\u00f6neminin \u00fcnl\u00fc hamam yap\u0131lar\u0131ndan olan Saadet Hatun Hamam\u0131 restore edilmesinin ard\u0131ndan m\u00fcze haline getirilmi\u015ftir ve osmanl\u0131 d\u00f6neminde \u00f6nemli bir yer edinmi\u015f hamam k\u00fclt\u00fcr\u00fcn\u00fc tan\u0131tmaktad\u0131r. Restore a\u015famas\u0131nda hamam\u0131n s\u0131cakl\u0131k, so\u011fukluk ve soyunmal\u0131k gibi b\u00f6l\u00fcmlerinin orijinal yap\u0131s\u0131yla korunmas\u0131 olduk\u00e7a dikkat \u00e7ekmektedir.&nbsp;<\/p>\n\n\n\n<p><\/p>\n\n\n<div class=\"wp-block-image\">\n<figure class=\"aligncenter size-full is-resized\"><img decoding=\"async\" src=\"https:\/\/www.bytransfer.com.tr\/yeni\/wp-content\/uploads\/saadet-hatun-hamam-muzesi.jpeg\" alt=\"\" class=\"wp-image-787\" style=\"width:341px;height:auto\" \/><\/figure>\n<\/div>\n\n\n<p><\/p>\n\n\n\n<h2 class=\"wp-block-heading\" style=\"font-size:22px;font-style:normal;font-weight:500\">Yedi Uyurlar Ma\u011faras\u0131<\/h2>\n\n\n\n<p><\/p>\n\n\n\n<p>Efes Antik \u015fehrinin yak\u0131nlar\u0131nda, Panay\u0131r Da\u011f\u0131 eteklerinde bulunan Yedi Uyuyanlar Ma\u011faras\u0131, hem \u0130slam dininde, hem de Hristiyanl\u0131kta s\u00f6z edilen Yedi Uyuyanlar ya da Yedi Uyurlar hikayesindeki yedi gencin uyudu\u011fu ma\u011fara olarak bilinmektedir.&nbsp;<\/p>\n\n\n<div class=\"wp-block-image\">\n<figure class=\"aligncenter size-full is-resized\"><img decoding=\"async\" src=\"https:\/\/www.bytransfer.com.tr\/yeni\/wp-content\/uploads\/Cave-of-the-Seven-Sleepers.jpg\" alt=\"\" class=\"wp-image-788\" style=\"width:477px;height:auto\" \/><\/figure>\n<\/div>\n\n\n<p><\/p>\n\n\n\n<h2 class=\"wp-block-heading\" style=\"font-size:22px;font-style:normal;font-weight:500\">Sel\u00e7uk Cumartesi Pazar\u0131<\/h2>\n\n\n\n<p><\/p>\n\n\n\n<p>Cumartesi pazar\u0131, taze meyve-sebzeden zeytinya\u011f\u0131na, peynirden zeytine kadar bir\u00e7ok yerel \u00fcr\u00fcn\u00fc bulabilece\u011finiz renkli bir pazar olarak bilinmektedir. \u00d6zellikle organik \u00fcr\u00fcnler ve yerel \u00fcreticilerin sundu\u011fu zeytin \u00e7e\u015fitleri pazar\u0131n en \u00fcnl\u00fc \u00fcr\u00fcnlerindendir.&nbsp;<\/p>\n\n\n\n<p><\/p>\n\n\n<div class=\"wp-block-image\">\n<figure class=\"aligncenter size-full is-resized\"><img decoding=\"async\" src=\"https:\/\/www.bytransfer.com.tr\/yeni\/wp-content\/uploads\/Selcuk-Saturday-Market.jpg\" alt=\"\" class=\"wp-image-789\" style=\"width:441px;height:auto\" \/><\/figure>\n<\/div>\n\n\n<p><\/p>\n\n\n\n<h2 class=\"wp-block-heading\" style=\"font-size:22px;font-style:normal;font-weight:500\">Artemis Tap\u0131na\u011f\u0131<\/h2>\n\n\n\n<p><\/p>\n\n\n\n<p>Antik D\u00fcnyan\u0131n Yedi Harikas\u0131\u2019ndan biri olarak kabul edilen ve tamamen mermerden in\u015fa edilen Artemis Tap\u0131na\u011f\u0131\u2019ndan g\u00fcn\u00fcm\u00fcze birka\u00e7 s\u00fctun ve yap\u0131 kal\u0131nt\u0131s\u0131 ula\u015fm\u0131\u015ft\u0131r. Tap\u0131na\u011f\u0131n temel yap\u0131 ta\u015flar\u0131 ve bir k\u0131sm\u0131 ayakta kalan s\u00fctunlar\u0131, eski g\u00f6rkem ve ihti\u015fam\u0131n\u0131 \u00f6nemli bir \u015fekilde hat\u0131rlatmaktad\u0131r.<\/p>\n\n\n\n<p><\/p>\n\n\n<div class=\"wp-block-image\">\n<figure class=\"aligncenter size-full is-resized\"><img decoding=\"async\" src=\"https:\/\/www.bytransfer.com.tr\/yeni\/wp-content\/uploads\/Temple-of-Artemis.jpg\" alt=\"\" class=\"wp-image-790\" style=\"width:420px;height:auto\" \/><\/figure>\n<\/div>\n\n\n<p><\/p>\n\n\n\n<h2 class=\"wp-block-heading\" style=\"font-size:22px;font-style:normal;font-weight:500\">Meryem Ana Evi<\/h2>\n\n\n\n<p><\/p>\n\n\n\n<p>Meryem Ana Evi, Sel\u00e7uk\u2019a 9 km. uzakl\u0131ktaki B\u00fclb\u00fcl Da\u011f\u0131 \u00fczerinde bulunmaktad\u0131r. Yap\u0131lan ara\u015ft\u0131rmalar sonucunda, Meryem Ana\u2019n\u0131n son g\u00fcnlerini ge\u00e7irdi\u011fi evin bu ev oldu\u011fu ortaya \u00e7\u0131kar\u0131lm\u0131\u015ft\u0131r. S\u00f6z konusu yap\u0131 ayn\u0131 zamanda kutsal bir Hristiyan hac yeri olarak da kabul edilir. Hac ziyaret\u00e7ileri i\u00e7in d\u00fczenlenen \u00f6zel ayinler ve dua alanlar\u0131 da bulunmaktad\u0131r.&nbsp;<\/p>\n\n\n\n<p><\/p>\n\n\n<div class=\"wp-block-image\">\n<figure class=\"aligncenter size-full\"><img decoding=\"async\" src=\"https:\/\/www.bytransfer.com.tr\/yeni\/wp-content\/uploads\/Meryem-Ana-Evi.jpeg\" alt=\"\" class=\"wp-image-791\" \/><\/figure>\n<\/div>\n\n\n<p><\/p>\n\n\n\n<h2 class=\"wp-block-heading\" style=\"font-size:22px;font-style:normal;font-weight:500\">\u0130sa Bey Camii<\/h2>\n\n\n\n<p><\/p>\n\n\n\n<p>1375 y\u0131l\u0131nda yap\u0131lan bu cami, Sel\u00e7uk\u2019un en \u00f6nemli \u0130slami yap\u0131lar\u0131ndan biri olarak bilinmektedir. \u00d6zellikle yap\u0131m\u0131 a\u015famas\u0131nda uygulanan ta\u015f i\u015f\u00e7ili\u011fiyle dikkat \u00e7eken bu yap\u0131, ayn\u0131 zamanda Osmanl\u0131 \u00f6ncesi mimari detaylar\u0131 ve kubbesi ile de \u00f6ne \u00e7\u0131kmaktad\u0131r.<\/p>\n\n\n\n<p><\/p>\n\n\n<div class=\"wp-block-image\">\n<figure class=\"aligncenter size-full\"><img decoding=\"async\" src=\"https:\/\/www.bytransfer.com.tr\/yeni\/wp-content\/uploads\/Isa-Bey-Camii.jpeg\" alt=\"\" class=\"wp-image-792\" \/><\/figure>\n<\/div>\n\n\n<p><\/p>\n\n\n\n<h2 class=\"wp-block-heading\" style=\"font-size:22px;font-style:normal;font-weight:500\">Alparslan Camii<\/h2>\n\n\n\n<p><\/p>\n\n\n\n<p>Sel\u00e7uk\u2019ta ve \u0130sa Bey Camii\u2019ne giden yolda bulunan bu cami, b\u00f6lgenin \u0130slam tarihi i\u00e7in \u00f6nemli eserlerden biri olarak bilinmektedir. Sade ve \u015f\u0131k mimari yap\u0131s\u0131 ve tarihi \u00f6nemi ise ziyaret\u00e7ileri ilgisini olduk\u00e7a \u00e7ekmektedir.&nbsp;<\/p>\n\n\n\n<p><\/p>\n\n\n<div class=\"wp-block-image\">\n<figure class=\"aligncenter size-full\"><img decoding=\"async\" src=\"https:\/\/www.bytransfer.com.tr\/yeni\/wp-content\/uploads\/Alparslan-Camii.jpeg\" alt=\"\" class=\"wp-image-793\" \/><\/figure>\n<\/div>\n\n\n<p><\/p>\n\n\n\n<h2 class=\"wp-block-heading\" style=\"font-size:22px;font-style:normal;font-weight:500\">Tiyatro Medresesi<\/h2>\n\n\n\n<p><\/p>\n\n\n\n<p>Sel\u00e7uk&#8217;un \u015eirince K\u00f6y\u00fc&#8217;nde bulunan medresede d\u00fczenlenen at\u00f6lye \u00e7al\u0131\u015fmalar\u0131, tiyatro kamplar\u0131, paneller ve konferanslar, hem amat\u00f6r hem de profesyonel tiyatrocular i\u00e7in s\u0131n\u0131rlar\u0131n\u0131 ke\u015ffedebilecekleri, zorlayabilecekleri ve a\u015fabilecekleri bir merkez olmaktad\u0131r.&nbsp;<\/p>\n\n\n\n<p><\/p>\n\n\n<div class=\"wp-block-image\">\n<figure class=\"aligncenter size-full is-resized\"><img decoding=\"async\" src=\"https:\/\/www.bytransfer.com.tr\/yeni\/wp-content\/uploads\/Tiyatro-Medresesi.jpeg\" alt=\"\" class=\"wp-image-794\" style=\"width:328px;height:auto\" \/><\/figure>\n<\/div>\n\n\n<p><\/p>\n\n\n\n<h2 class=\"wp-block-heading\" style=\"font-size:22px;font-style:normal;font-weight:500\">Sel\u00e7uk Kalesi<\/h2>\n\n\n\n<p><\/p>\n\n\n\n<p>Bizans d\u00f6nemi mimarisini b\u00fcnyesinde bar\u0131nd\u0131ran kale, Ayasuluk Tepesi\u2019nde konumlanm\u0131\u015f olup Sel\u00e7uk\u2019un panoramik bir manzaras\u0131n\u0131 sunmaktad\u0131r. Kalenin duvarlar\u0131 ve bur\u00e7lar\u0131 Sel\u00e7uk mimarisi a\u00e7\u0131s\u0131ndan bilgi sunarken, olanak tan\u0131d\u0131\u011f\u0131 Sel\u00e7uk manzaras\u0131 ile de ziyaret\u00e7ilere g\u00f6rsel bir \u015f\u00f6len sunmaktad\u0131r. Son zamanlarda yap\u0131lan ara\u015ft\u0131rmalara g\u00f6re kale, Efes&#8217;in ilk yerle\u015fme yerinin \u00fcst\u00fcnde yer almaktad\u0131r.<\/p>\n\n\n\n<p><\/p>\n\n\n<div class=\"wp-block-image\">\n<figure class=\"aligncenter size-full is-resized\"><img decoding=\"async\" src=\"https:\/\/www.bytransfer.com.tr\/yeni\/wp-content\/uploads\/Selcuk-Kalesi.jpeg\" alt=\"\" class=\"wp-image-795\" style=\"width:332px;height:auto\" \/><\/figure>\n<\/div>\n\n\n<p><\/p>\n\n\n\n<h2 class=\"wp-block-heading\" style=\"font-size:22px;font-style:normal;font-weight:500\">Aziz Yohannes Bazilikas\u0131<\/h2>\n\n\n\n<p><\/p>\n\n\n\n<p>Di\u011fer ad\u0131yla Aziz John Bazilikas\u0131, Efes&#8217;te 6. y\u00fczy\u0131lda I. Justinianus taraf\u0131ndan Havari John&#8217;un g\u00f6m\u00fcld\u00fc\u011f\u00fc s\u00f6ylenen bir yerin \u00fczerine in\u015fa edilmi\u015ftir. Bazilikan\u0131n yap\u0131m\u0131nda, \u015fimdi y\u0131k\u0131lm\u0131\u015f olan d\u00f6nemin Konstantinopolis&#8217;indeki Kutsal Havariler Kilisesi&#8217;nden esinlenildi\u011fi d\u00fc\u015f\u00fcn\u00fclmektedir. Sel\u00e7uk\u2019un en g\u00f6rkemli dini yap\u0131lar\u0131ndan biri olan bu yap\u0131, \u00f6zellikle mozole ve bazilika kal\u0131nt\u0131lar\u0131 ile dikkat \u00e7ekmektedir.&nbsp;<\/p>\n\n\n\n<p><\/p>\n\n\n<div class=\"wp-block-image\">\n<figure class=\"aligncenter size-full is-resized\"><img decoding=\"async\" src=\"https:\/\/www.bytransfer.com.tr\/yeni\/wp-content\/uploads\/Aziz-Yohannes-Bazilikasi.jpeg\" alt=\"\" class=\"wp-image-796\" style=\"width:310px;height:auto\" \/><\/figure>\n<\/div>\n\n\n<p><\/p>\n\n\n\n<h2 class=\"wp-block-heading\" style=\"font-size:22px;font-style:normal;font-weight:500\">Pamucak Plaj\u0131<\/h2>\n\n\n\n<p><\/p>\n\n\n\n<p>Sel\u00e7uk\u2019un deniz tatili i\u00e7in tercih edilen en \u00fcnl\u00fc plajlar\u0131ndan biri de Pamucak Plaj\u0131\u2019d\u0131r. Plaj\u0131n bu denli \u00fcn\u00fcn\u00fcn nedeni, geni\u015f kum alan\u0131 ve temiz denize sahip olmas\u0131na dayanmaktad\u0131r. \u00d6zellikle deniz sporlar\u0131 ile ilgilenen ve kamp yapmay\u0131 sevenler i\u00e7in u\u011frak noktas\u0131 haline gelmi\u015ftir.&nbsp;<\/p>\n\n\n\n<p><\/p>\n\n\n<div class=\"wp-block-image\">\n<figure class=\"aligncenter size-full is-resized\"><img decoding=\"async\" src=\"https:\/\/www.bytransfer.com.tr\/yeni\/wp-content\/uploads\/Pamucak-Plaji.jpeg\" alt=\"\" class=\"wp-image-797\" style=\"width:346px;height:auto\" \/><\/figure>\n<\/div>\n\n\n<p><\/p>\n\n\n\n<h2 class=\"wp-block-heading\" style=\"font-size:22px;font-style:normal;font-weight:500\">Pygela Plaj\u0131<\/h2>\n\n\n\n<p><\/p>\n\n\n\n<p>Daha sakin ve do\u011fal bir plaj olarak bilinen Pygela, kalabal\u0131ktan uzak bir deniz deneyimi sunmas\u0131yla \u00fcnl\u00fcd\u00fcr. \u00d6zellikle \u015fnorkelle y\u00fczme ve do\u011fa y\u00fcr\u00fcy\u00fc\u015fleri i\u00e7in ideal bir seyahat alan\u0131 olarak bilinmektedir.<\/p>\n\n\n\n<p><\/p>\n\n\n<div class=\"wp-block-image\">\n<figure class=\"aligncenter size-full is-resized\"><img decoding=\"async\" src=\"https:\/\/www.bytransfer.com.tr\/yeni\/wp-content\/uploads\/Pygela-Plaji.jpeg\" alt=\"\" class=\"wp-image-798\" style=\"width:305px;height:auto\" \/><\/figure>\n<\/div>\n\n\n<p><\/p>\n\n\n\n<h2 class=\"wp-block-heading\" style=\"font-size:22px;font-style:normal;font-weight:500\">Bizans Su Kemerleri<\/h2>\n\n\n\n<p><\/p>\n\n\n\n<p>Efes Antik Kenti\u2019ne su sa\u011flamak amac\u0131yla yap\u0131lm\u0131\u015f Bizans d\u00f6nemine ait su kemerleri, b\u00f6lgenin mimari zenginli\u011fini yans\u0131tmaktad\u0131r. Kemerler boyunca yap\u0131lan do\u011fa y\u00fcr\u00fcy\u00fc\u015fleri, turistler taraf\u0131ndan s\u0131k\u00e7a tercih edilen aktivitelerdendir.&nbsp;<\/p>\n\n\n\n<p><\/p>\n\n\n<div class=\"wp-block-image\">\n<figure class=\"aligncenter size-full is-resized\"><img decoding=\"async\" src=\"https:\/\/www.bytransfer.com.tr\/yeni\/wp-content\/uploads\/Bizans-Su-Kemerleri.jpeg\" alt=\"\" class=\"wp-image-799\" style=\"width:323px;height:auto\" \/><\/figure>\n<\/div>\n\n\n<p><\/p>\n\n\n\n<h2 class=\"wp-block-heading\" style=\"font-size:22px;font-style:normal;font-weight:500\">Pollio Su Kemeri<\/h2>\n\n\n\n<p><\/p>\n\n\n\n<p>Yine ayn\u0131 ama\u00e7la, Efes Antik Kenti\u2019nin su ihtiyac\u0131n\u0131 kar\u015f\u0131lamak i\u00e7in yap\u0131lm\u0131\u015f olan s\u00f6z konusu kemer, Roma d\u00f6neminin en \u00fcnl\u00fc sistematik yap\u0131lar\u0131ndand\u0131r. \u00d6zellikle, tarihi su yollar\u0131n\u0131n nas\u0131l \u00e7al\u0131\u015ft\u0131\u011f\u0131n\u0131 g\u00f6rmek isteyenler i\u00e7in ideal bir yap\u0131 olarak bilinmektedir.&nbsp;<\/p>\n\n\n\n<p><\/p>\n\n\n<div class=\"wp-block-image\">\n<figure class=\"aligncenter size-full is-resized\"><img decoding=\"async\" src=\"https:\/\/www.bytransfer.com.tr\/yeni\/wp-content\/uploads\/Pollio-Su-Kemeri.jpeg\" alt=\"\" class=\"wp-image-800\" style=\"width:333px;height:auto\" \/><\/figure>\n<\/div>\n\n\n<p><\/p>\n\n\n\n<h2 class=\"wp-block-heading\" style=\"font-size:22px;font-style:normal;font-weight:500\">S\u0131k\u00e7a Sorulan Sorular<\/h2>\n\n\n\n<p><\/p>\n\n\n<div id=\"rank-math-faq\" class=\"rank-math-block\">\n<div class=\"rank-math-list \">\n<div id=\"faq-question-1731581276625\" class=\"rank-math-list-item\">\n<h3 class=\"rank-math-question \">Sel\u00e7uk hangi ilde yer al\u0131yor?<\/h3>\n<div class=\"rank-math-answer \">\n\n<p>Sel\u00e7uk, \u00fclkemizin \u0130zmir ilinde yer almaktad\u0131r. \u0130zmir\u2019in g\u00fcneyinde, Ege B\u00f6lgesi\u2019nde bulunan Sel\u00e7uk, ayn\u0131 zamanda tarihi ve turistik zenginlikleriyle \u00f6ne \u00e7\u0131kmaktad\u0131r.<\/p>\n\n<\/div>\n<\/div>\n<div id=\"faq-question-1731581285946\" class=\"rank-math-list-item\">\n<h3 class=\"rank-math-question \">Sel\u00e7uk-\u0130zmir aras\u0131 ka\u00e7 kilometre?<\/h3>\n<div class=\"rank-math-answer \">\n\n<p>Sel\u00e7uk ve \u0130zmir aras\u0131ndaki mesafe yakla\u015f\u0131k olarak 70 kilometredir.\u00a0<\/p>\n\n<\/div>\n<\/div>\n<div id=\"faq-question-1731581301592\" class=\"rank-math-list-item\">\n<h3 class=\"rank-math-question \">Sel\u00e7uk\u2019ta ne yenir?<\/h3>\n<div class=\"rank-math-answer \">\n\n<p>Ege mutfa\u011f\u0131n\u0131n vazge\u00e7ilmezi olan zeytinya\u011fl\u0131 yemekleri Sel\u00e7uk\u2019ta bulundu\u011funuz s\u00fcre boyunca bolca t\u00fcketebilirsiniz. \u00d6te yandan, Sel\u00e7uk&#8217;un \u00fcnl\u00fc yemekleri aras\u0131nda \u0131zgara k\u00f6fte, \u00e7\u00f6p \u015fi\u015f ve tavuk \u015fi\u015f gibi et yemekleri de bulunmaktad\u0131r.<\/p>\n\n<\/div>\n<\/div>\n<\/div>\n<\/div>","protected":false},"excerpt":{"rendered":"<p>Sek\u00e7uk ta Gezilecek Yerler Sel\u00e7uk, \u0130zmir\u2019in g\u00fcneyinde, tarihi Efes Antik Kenti\u2019ne ev sahipli\u011fi yapan bir turistik il\u00e7edir. Adnan Menderes Havaalan\u0131na 75 km uzakl\u0131kta bulunan Sel\u00e7uk, Ege Denizi ile \u00e7evrilidir ve \u00f6nemli k\u00fclt\u00fcrel miraslar\u0131 aras\u0131nda Artemis Tap\u0131na\u011f\u0131 ve Meryem Ana Evi bulunmaktad\u0131r. 1914 y\u0131l\u0131nda Ayasuluk ad\u0131yla bilinirken, 1957\u2019de il\u00e7e stat\u00fcs\u00fc kazanm\u0131\u015ft\u0131r. \u00d6te yandan, Sel\u00e7uk, her y\u0131l&#8230;<\/p>\n","protected":false},"author":1,"featured_media":2397,"comment_status":"closed","ping_status":"closed","sticky":false,"template":"","format":"standard","meta":{"_acf_changed":false,"_kad_post_transparent":"","_kad_post_title":"","_kad_post_layout":"","_kad_post_sidebar_id":"","_kad_post_content_style":"","_kad_post_vertical_padding":"","_kad_post_feature":"","_kad_post_feature_position":"","_kad_post_header":false,"_kad_post_footer":false,"_kad_post_classname":"","footnotes":""},"categories":[4],"tags":[],"class_list":{"0":"post-2380","1":"post","2":"type-post","3":"status-publish","4":"format-standard","5":"has-post-thumbnail","7":"category-bytransfer"},"acf":[],"_links":{"self":[{"href":"https:\/\/www.bytransfer.com.tr\/yeni\/wp-json\/wp\/v2\/posts\/2380","targetHints":{"allow":["GET"]}}],"collection":[{"href":"https:\/\/www.bytransfer.com.tr\/yeni\/wp-json\/wp\/v2\/posts"}],"about":[{"href":"https:\/\/www.bytransfer.com.tr\/yeni\/wp-json\/wp\/v2\/types\/post"}],"author":[{"embeddable":true,"href":"https:\/\/www.bytransfer.com.tr\/yeni\/wp-json\/wp\/v2\/users\/1"}],"replies":[{"embeddable":true,"href":"https:\/\/www.bytransfer.com.tr\/yeni\/wp-json\/wp\/v2\/comments?post=2380"}],"version-history":[{"count":1,"href":"https:\/\/www.bytransfer.com.tr\/yeni\/wp-json\/wp\/v2\/posts\/2380\/revisions"}],"predecessor-version":[{"id":2410,"href":"https:\/\/www.bytransfer.com.tr\/yeni\/wp-json\/wp\/v2\/posts\/2380\/revisions\/2410"}],"wp:featuredmedia":[{"embeddable":true,"href":"https:\/\/www.bytransfer.com.tr\/yeni\/wp-json\/wp\/v2\/media\/2397"}],"wp:attachment":[{"href":"https:\/\/www.bytransfer.com.tr\/yeni\/wp-json\/wp\/v2\/media?parent=2380"}],"wp:term":[{"taxonomy":"category","embeddable":true,"href":"https:\/\/www.bytransfer.com.tr\/yeni\/wp-json\/wp\/v2\/categories?post=2380"},{"taxonomy":"post_tag","embeddable":true,"href":"https:\/\/www.bytransfer.com.tr\/yeni\/wp-json\/wp\/v2\/tags?post=2380"}],"curies":[{"name":"wp","href":"https:\/\/api.w.org\/{rel}","templated":true}]}}