{"id":2381,"date":"2024-11-07T08:39:25","date_gmt":"2024-11-07T05:39:25","guid":{"rendered":"https:\/\/bytransfer.com.tr\/?p=803"},"modified":"2026-04-17T12:44:42","modified_gmt":"2026-04-17T12:44:42","slug":"izmir-alacati-arasi-mesafe-kac-km","status":"publish","type":"post","link":"https:\/\/www.bytransfer.com.tr\/yeni\/izmir-alacati-arasi-mesafe-kac-km\/","title":{"rendered":"\u0130zmir Ala\u00e7at\u0131 Aras\u0131 Mesafe Ka\u00e7 Km?"},"content":{"rendered":"\n\n\n<p><\/p>\n\n\n\n<p>Ala\u00e7at\u0131, \u0130zmir\u2019in \u00c7e\u015fme il\u00e7esine ba\u011fl\u0131 ve Ege Denizi\u2019ne k\u0131y\u0131s\u0131 olan bir mahalledir. Ala\u00e7at\u0131 \u00f6zellikle tarihi ta\u015f evleri, r\u00fczg\u00e2r s\u00f6rf\u00fc i\u00e7in uygun plajlar\u0131 ve canl\u0131 gece hayat\u0131yla \u00fcnl\u00fc bir seyahat noktas\u0131 haline gelmi\u015ftir. Antik d\u00f6nemdeki ad\u0131 Agrillia olan Ala\u00e7at\u0131, son y\u0131llarda yaz turizminin \u00f6nemli bir merkezi haline gelmi\u015ftir. Y\u0131l\u0131n b\u00fcy\u00fck k\u0131sm\u0131nda r\u00fczgar almas\u0131 nedeniyle s\u00f6rf tutkunlar\u0131 i\u00e7in de ideal tatil noktalar\u0131ndand\u0131r. <a href=\"https:\/\/www.bytransfer.com.tr\/yeni\/transfer-bolgeleri\/izmir-cesme-transfer\/\">\u0130zmir-\u00c7e\u015fme Transfer<\/a> ile kolayca ula\u015f\u0131labilir.<\/p>\n\n\n\n<p><\/p>\n\n\n\n<p><\/p>\n\n\n\n<h2 class=\"wp-block-heading\" id=\"izmir-alacati-arasi-kac-km\">\u0130zmir-Ala\u00e7at\u0131 Aras\u0131 Ka\u00e7 Km?<\/h2>\n\n\n\n<p><\/p>\n\n\n\n<p>\u0130zmir ve Ala\u00e7at\u0131 aras\u0131nda yakla\u015f\u0131k 75 kilometrelik bir mesafe bulunur. Yolculuk ise trafi\u011fin yo\u011fun olmad\u0131\u011f\u0131 saatlerde yakla\u015f\u0131k bir saat kadar s\u00fcrmektedir. \u0130zmir \u015fehir merkezinden Ala\u00e7at\u0131\u2019ya ula\u015fmak i\u00e7in ise genellikle \u0130zmir-\u00c7e\u015fme otoyolu tercih edilmektedir. Bu otoyol, rahat bir yolculuk sunmakta ve \u0130zmir\u2019den \u00e7\u0131kt\u0131ktan sonra do\u011frudan \u00c7e\u015fme y\u00f6n\u00fcne devam ederek Ala\u00e7at\u0131 \u00e7\u0131k\u0131\u015f\u0131na ula\u015fmaya olanak tan\u0131maktad\u0131r. <a href=\"https:\/\/www.bytransfer.com.tr\/yeni\/transfer-bolgeleri\/izmir-alacati-transfer\/\">\u0130zmir-Ala\u00e7at\u0131 Transfer<\/a> hizmetinden de yararlan\u0131labilir.<\/p>\n\n\n\n<p><\/p>\n\n\n\n<p><\/p>\n\n\n\n<h2 class=\"wp-block-heading\" id=\"alacati-izmir-arasi-kac-saat-surer\">Ala\u00e7at\u0131 \u0130zmir Aras\u0131 Ka\u00e7 Saat S\u00fcrer?<\/h2>\n\n\n\n<p><\/p>\n\n\n\n<p>\u0130zmir ile Ala\u00e7at\u0131 aras\u0131ndaki yolculu\u011fun, trafi\u011fin durumu ve h\u0131z s\u0131n\u0131rlar\u0131na ba\u011fl\u0131 olarak genellikle yakla\u015f\u0131k 1 saat s\u00fcrd\u00fc\u011f\u00fc bilinmektedir. Ancak yaz aylar\u0131nda ve tatil d\u00f6nemlerinde yolculuk s\u00fcresinin artt\u0131\u011f\u0131 g\u00f6r\u00fclmektedir. \u00d6zellikle hafta sonlar\u0131 veya bayram tatillerinde trafik yo\u011funlu\u011fu nedeniyle bu s\u00fcrenin daha da uzun s\u00fcrd\u00fc\u011f\u00fc bilinmektedir.<\/p>\n\n\n\n<p><\/p>\n\n\n<div class=\"wp-block-image\">\n<figure class=\"aligncenter size-full\"><img decoding=\"async\" src=\"https:\/\/www.bytransfer.com.tr\/yeni\/wp-content\/uploads\/izmir-alacati-arasi-kac-km.png\" alt=\"\u0130zmir Ala\u00e7at\u0131 Aras\u0131 Mesafe Ka\u00e7 Km?\" class=\"wp-image-806\"\/><\/figure>\n<\/div>\n\n\n<p><\/p>\n\n\n\n<h2 class=\"wp-block-heading\" id=\"izmirden-alacatiya-nasil-gidilir\">\u0130zmir\u2019den Ala\u00e7at\u0131\u2019ya Nas\u0131l Gidilir?<\/h2>\n\n\n\n<p><\/p>\n\n\n\n<p>\u0130zmir\u2019den Ala\u00e7at\u0131\u2019ya gitmek i\u00e7in birka\u00e7 farkl\u0131 ula\u015f\u0131m se\u00e7ene\u011fi bulunmaktad\u0131r. \u0130zmir merkezinden Ala\u00e7at\u0131\u2019ya \u00f6zel ara\u00e7la, toplu ta\u015f\u0131ma ara\u00e7lar\u0131yla veya <a href=\"https:\/\/www.bytransfer.com.tr\/yeni\/\">Bytransfer<\/a> gibi <a href=\"https:\/\/www.bytransfer.com.tr\/yeni\/hizmetlerimiz\/\">transfer hizmetleri<\/a>yle rahat\u00e7a ula\u015fabilirsiniz.&nbsp;<\/p>\n\n\n\n<p><\/p>\n\n\n\n<h2 class=\"wp-block-heading\" id=\"izmirden-alacatiya-otobusle-nasil-gidilir\">\u0130zmir&#8217;den Ala\u00e7at\u0131&#8217;ya Otob\u00fcsle Nas\u0131l Gidilir?<\/h2>\n\n\n\n<p><\/p>\n\n\n\n<p>\u0130zmir\u2019den Ala\u00e7at\u0131\u2019ya otob\u00fcsle gitmek olduk\u00e7a kolayd\u0131r ve birka\u00e7 farkl\u0131 se\u00e7enek bulunmaktad\u0131r. \u00d6zellikle yaz aylar\u0131nda \u0130zmir-Ala\u00e7at\u0131 aras\u0131ndaki otob\u00fcs seferleri daha s\u0131k yap\u0131lmaktad\u0131r. \u00d6rne\u011fin, \u0130zmir \u015eehirleraras\u0131 Otob\u00fcs Terminalinden Ala\u00e7at\u0131 ve \u00c7e\u015fme y\u00f6n\u00fcne d\u00fczenli olarak otob\u00fcs seferleri d\u00fczenlendi\u011fi bilinmektedir. \u00d6te yandan, \u0130zmir\u2019in Bal\u00e7ova semtinde yer alan Fahrettin Altay Aktarma Merkezi\u2019nden de Ala\u00e7at\u0131\u2019ya otob\u00fcsle ula\u015fmak m\u00fcmk\u00fcnd\u00fcr. Genellikle \u00e7e\u015fme y\u00f6n\u00fcne giden otob\u00fcsler burada yolcu almakta ve Ala\u00e7at\u0131\u2019ya da u\u011framaktad\u0131r.<\/p>\n\n\n\n<p><\/p>\n\n\n\n<h2 class=\"wp-block-heading\" id=\"alacatidan-izmire-nasil-gidilir\">Ala\u00e7at\u0131&#8217;dan \u0130zmir&#8217;e Nas\u0131l Gidilir?<\/h2>\n\n\n\n<p><\/p>\n\n\n\n<p>\u0130zmir\u2019den Ala\u00e7at\u0131\u2019ya oldu\u011fu gibi, Ala\u00e7at\u0131\u2019dan da \u0130zmir\u2019e gitmek i\u00e7in bir \u00e7ok ula\u015f\u0131m se\u00e7ene\u011fi bulunmaktad\u0131r. \u00d6zellikle yaz aylar\u0131nda daha da s\u0131kla\u015fan toplu ta\u015f\u0131ma seferleriyle ya da \u00f6zel ara\u00e7la rahatl\u0131kla \u0130zmir\u2019e ula\u015fmak m\u00fcmk\u00fcnd\u00fcr. Genellikle turistlerin s\u0131k\u00e7a tercih etti\u011fi bir di\u011fer se\u00e7enek de \u00f6zel <a href=\"https:\/\/www.bytransfer.com.tr\/yeni\/hizmetlerimiz\/izmir-vip-transfer\/\">VIP transfer hizmeti<\/a>dir. \u00d6rne\u011fin, Bytransfer ile ileti\u015fime ge\u00e7erek, Ala\u00e7at\u0131\u2019dan \u0130zmir\u2019e veya havaalan\u0131na ula\u015fmak i\u00e7in \u00f6zel transfer hizmetinden yararlanabilirsiniz.<\/p>\n\n\n\n<p><\/p>\n\n\n\n<h2 class=\"wp-block-heading\" id=\"alacatidan-izmire-otobusle-nasil-gidilir\">Ala\u00e7at\u0131\u2019dan \u0130zmir\u2019e Otob\u00fcsle Nas\u0131l Gidilir?<\/h2>\n\n\n\n<p><\/p>\n\n\n\n<p>Ala\u00e7at\u0131\u2019dan \u0130zmir\u2019e otob\u00fcsle gitmek olduk\u00e7a kolayd\u0131r. Ala\u00e7at\u0131\u2019dan \u0130zmir\u2019e direkt seferler yapan otob\u00fcs firmalar\u0131 bulunmaktad\u0131r ve yolculuk s\u00fcresi yakla\u015f\u0131k olarak 1-1,5 saat s\u00fcrer. Otob\u00fcsler, Ala\u00e7at\u0131 merkezdeki otob\u00fcs duraklar\u0131ndan kalkar ve yol \u00fczerinde \u00c7e\u015fme yolundan devam ederek \u0130zmir\u2019e ula\u015f\u0131r. S\u00f6z konusu otob\u00fcsler genellikle \u0130zmir Otogar\u0131\u2019na ula\u015f\u0131r. \u0130zmir Otogar\u0131, \u015fehir merkezine biraz uzak bir konumda olsa da, otogardan \u0130zmir\u2019in \u00e7e\u015fitli b\u00f6lgelerine ula\u015fmak i\u00e7in farkl\u0131 toplu ta\u015f\u0131ma se\u00e7enekleri bulunmaktad\u0131r.&nbsp;<\/p>\n\n\n\n<p><\/p>\n\n\n\n<h2 class=\"wp-block-heading\" id=\"izmir-adnan-menderes-havalimanindan-alacatiya-en-hizli-nasil-gidilir\">\u0130zmir Adnan Menderes Havaliman\u0131ndan Ala\u00e7at\u0131ya En H\u0131zl\u0131 Nas\u0131l Gidilir?<\/h2>\n\n\n\n<p><\/p>\n\n\n\n<p>\u0130zmir Adnan Menderes Havaliman\u0131\u2019ndan Ala\u00e7at\u0131\u2019ya gitmenin en h\u0131zl\u0131 ve konforlu yollar\u0131ndan biri de ByTransfer gibi \u00f6zel transfer hizmetlerini kullanmakt\u0131r. Hizmetlerimiz, \u00f6zellikle bagaj ta\u015f\u0131yanlar veya tatil i\u00e7in Ala\u00e7at\u0131\u2019ya h\u0131zl\u0131ca ula\u015fmak isteyenler i\u00e7in ideal bir \u015fekilde olu\u015fturulmu\u015ftur. \u00d6zel transfer hizmeti ile Adnan Menderes Havaliman\u0131\u2019ndan Ala\u00e7at\u0131\u2019ya yolculuk yakla\u015f\u0131k 1 saat s\u00fcrmektedir. Transfer ara\u00e7lar\u0131m\u0131z, otoyolu kullanarak en h\u0131zl\u0131 g\u00fczergah\u0131 izlemektedirler.<\/p>\n\n\n\n<p><\/p>\n\n\n\n<h2 class=\"wp-block-heading\" id=\"sikca-sorulan-sorular\">S\u0131k\u00e7a Sorulan Sorular:<\/h2>\n\n\n<div id=\"rank-math-faq\" class=\"rank-math-block\">\n<div class=\"rank-math-list \">\n<div id=\"faq-question-1731649275091\" class=\"rank-math-list-item\">\n<h3 class=\"rank-math-question \">\u0130zmir Ala\u00e7at\u0131 dolmu\u015flar\u0131 nereden kalk\u0131yor?<\/h3>\n<div class=\"rank-math-answer \">\n\n<p>Bal\u00e7ova\u2019daki Fahrettin Altay Aktarma Merkezi, \u0130zmir\u2019den Ala\u00e7at\u0131\u2019ya giden minib\u00fcslerin kalkt\u0131\u011f\u0131 en merkezi yerlerden biri olarak bilinmektedir.\u00a0<\/p>\n\n<\/div>\n<\/div>\n<div id=\"faq-question-1731649281212\" class=\"rank-math-list-item\">\n<h3 class=\"rank-math-question \">Ala\u00e7at\u0131 \u0130zmir otob\u00fcs\u00fc nereden kalk\u0131yor?<\/h3>\n<div class=\"rank-math-answer \">\n\n<p>Ala\u00e7at\u0131\u2019dan \u0130zmir\u2019e gitmek i\u00e7in kullan\u0131lan otob\u00fcsler genellikle Ala\u00e7at\u0131\u2019n\u0131n merkezi noktas\u0131ndaki otob\u00fcs duraklar\u0131ndan kalkmaktad\u0131r.\u00a0<\/p>\n\n<\/div>\n<\/div>\n<div id=\"faq-question-1731649294740\" class=\"rank-math-list-item\">\n<h3 class=\"rank-math-question \">\u0130zmir Otogardan Ala\u00e7at\u0131ya otob\u00fcs var m\u0131?<\/h3>\n<div class=\"rank-math-answer \">\n\n<p>Evet, \u0130zmir Otogar\u0131 ile Ala\u00e7at\u0131 aras\u0131nda otob\u00fcs seferleri bulunmaktad\u0131r. \u0130zmir Otogar\u0131\u2019ndan Ala\u00e7at\u0131\u2019ya gitmek i\u00e7in do\u011frudan otob\u00fcslerle veya \u00c7e\u015fme y\u00f6n\u00fcne giden minib\u00fcslerle ula\u015f\u0131m sa\u011flayabilirsiniz.<\/p>\n\n<\/div>\n<\/div>\n<div id=\"faq-question-1731649322172\" class=\"rank-math-list-item\">\n<h3 class=\"rank-math-question \">Ala\u00e7at\u0131ya neyle gidilir?<\/h3>\n<div class=\"rank-math-answer \">\n\n<p>Ala\u00e7at\u0131\u2019ya gitmek i\u00e7in birka\u00e7 farkl\u0131 ula\u015f\u0131m se\u00e7ene\u011finiz bulunmaktad\u0131r. Hangi ula\u015f\u0131m arac\u0131n\u0131n kullan\u0131laca\u011f\u0131, nereden hareket edece\u011finize ve yolculuk tercihlerinize ba\u011fl\u0131 olarak de\u011fi\u015fmektedir.\u00a0<\/p>\n\n<\/div>\n<\/div>\n<div id=\"faq-question-1731649339282\" class=\"rank-math-list-item\">\n<h3 class=\"rank-math-question \">\u00c7e\u015fme ve Ala\u00e7at\u0131 ayn\u0131 yer mi?<\/h3>\n<div class=\"rank-math-answer \">\n\n<p>\u00c7e\u015fme ve Ala\u00e7at\u0131 ayn\u0131 yer de\u011fildir, ancak birbirine olduk\u00e7a yak\u0131nd\u0131r. \u00c7e\u015fme, \u0130zmir iline ba\u011fl\u0131 bir il\u00e7edir ve Ege Denizi k\u0131y\u0131s\u0131nda yer al\u0131r. Ala\u00e7at\u0131 ise \u00c7e\u015fme il\u00e7esinin bir mahallesidir.\u00a0<\/p>\n\n<\/div>\n<\/div>\n<div id=\"faq-question-1731649346191\" class=\"rank-math-list-item\">\n<h3 class=\"rank-math-question \">Ala\u00e7at\u0131 \u0130zmir Otogar aras\u0131 ka\u00e7 saat?<\/h3>\n<div class=\"rank-math-answer \">\n\n<p>Ala\u00e7at\u0131\u2019dan \u0130zmir Otogar\u0131\u2019na araba ile yolculuk yakla\u015f\u0131k olarak 1, minib\u00fcs veya otob\u00fcsle yolculuk ise yakla\u015f\u0131k 1 saat ile 1.5 saat aras\u0131nda s\u00fcrmektedir.\u00a0<\/p>\n\n<\/div>\n<\/div>\n<\/div>\n<\/div>","protected":false},"excerpt":{"rendered":"<p>Ala\u00e7at\u0131, \u0130zmir\u2019in \u00c7e\u015fme il\u00e7esine ba\u011fl\u0131 ve Ege Denizi\u2019ne k\u0131y\u0131s\u0131 olan bir mahalledir. Ala\u00e7at\u0131 \u00f6zellikle tarihi ta\u015f evleri, r\u00fczg\u00e2r s\u00f6rf\u00fc i\u00e7in uygun plajlar\u0131 ve canl\u0131 gece hayat\u0131yla \u00fcnl\u00fc bir seyahat noktas\u0131 haline gelmi\u015ftir. Antik d\u00f6nemdeki ad\u0131 Agrillia olan Ala\u00e7at\u0131, son y\u0131llarda yaz turizminin \u00f6nemli bir merkezi haline gelmi\u015ftir. Y\u0131l\u0131n b\u00fcy\u00fck k\u0131sm\u0131nda r\u00fczgar almas\u0131 nedeniyle s\u00f6rf tutkunlar\u0131&#8230;<\/p>\n","protected":false},"author":1,"featured_media":2397,"comment_status":"closed","ping_status":"closed","sticky":false,"template":"","format":"standard","meta":{"_acf_changed":false,"_kad_post_transparent":"","_kad_post_title":"","_kad_post_layout":"","_kad_post_sidebar_id":"","_kad_post_content_style":"","_kad_post_vertical_padding":"","_kad_post_feature":"","_kad_post_feature_position":"","_kad_post_header":false,"_kad_post_footer":false,"_kad_post_classname":"","footnotes":""},"categories":[4],"tags":[],"class_list":{"0":"post-2381","1":"post","2":"type-post","3":"status-publish","4":"format-standard","5":"has-post-thumbnail","7":"category-bytransfer"},"acf":[],"_links":{"self":[{"href":"https:\/\/www.bytransfer.com.tr\/yeni\/wp-json\/wp\/v2\/posts\/2381","targetHints":{"allow":["GET"]}}],"collection":[{"href":"https:\/\/www.bytransfer.com.tr\/yeni\/wp-json\/wp\/v2\/posts"}],"about":[{"href":"https:\/\/www.bytransfer.com.tr\/yeni\/wp-json\/wp\/v2\/types\/post"}],"author":[{"embeddable":true,"href":"https:\/\/www.bytransfer.com.tr\/yeni\/wp-json\/wp\/v2\/users\/1"}],"replies":[{"embeddable":true,"href":"https:\/\/www.bytransfer.com.tr\/yeni\/wp-json\/wp\/v2\/comments?post=2381"}],"version-history":[{"count":1,"href":"https:\/\/www.bytransfer.com.tr\/yeni\/wp-json\/wp\/v2\/posts\/2381\/revisions"}],"predecessor-version":[{"id":2411,"href":"https:\/\/www.bytransfer.com.tr\/yeni\/wp-json\/wp\/v2\/posts\/2381\/revisions\/2411"}],"wp:featuredmedia":[{"embeddable":true,"href":"https:\/\/www.bytransfer.com.tr\/yeni\/wp-json\/wp\/v2\/media\/2397"}],"wp:attachment":[{"href":"https:\/\/www.bytransfer.com.tr\/yeni\/wp-json\/wp\/v2\/media?parent=2381"}],"wp:term":[{"taxonomy":"category","embeddable":true,"href":"https:\/\/www.bytransfer.com.tr\/yeni\/wp-json\/wp\/v2\/categories?post=2381"},{"taxonomy":"post_tag","embeddable":true,"href":"https:\/\/www.bytransfer.com.tr\/yeni\/wp-json\/wp\/v2\/tags?post=2381"}],"curies":[{"name":"wp","href":"https:\/\/api.w.org\/{rel}","templated":true}]}}