{"id":2382,"date":"2024-10-22T08:39:27","date_gmt":"2024-10-22T05:39:27","guid":{"rendered":"https:\/\/bytransfer.com.tr\/?p=804"},"modified":"2026-04-17T12:45:24","modified_gmt":"2026-04-17T12:45:24","slug":"cesmeye-gitmenin-en-kolay-yolu-2","status":"publish","type":"post","link":"https:\/\/www.bytransfer.com.tr\/yeni\/cesmeye-gitmenin-en-kolay-yolu-2\/","title":{"rendered":"\u00c7e\u015fme\u2019ye Gitmenin En Kolay Yolu"},"content":{"rendered":"\n<p><\/p>\n\n\n\n<h2 class=\"wp-block-heading\" id=\"cesme-nerededir-ve-nasil-gidilir\">\u00c7e\u015fme Nerededir ve Nas\u0131l Gidilir?<\/h2>\n\n\n\n<p><\/p>\n\n\n\n<p>\u00c7e\u015fme, T\u00fcrkiye\u2019nin \u0130zmir iline ba\u011fl\u0131 ve Ege B\u00f6lgesi\u2019nde yer alan \u00fcnl\u00fc bir tatil beldesidir. S\u00f6z konusu tatil b\u00f6lgesi \u0130zmir\u2019in 94 km bat\u0131s\u0131nda ve \u00c7e\u015fme Yar\u0131madas\u0131\u2019n\u0131n ucunda konumlanm\u0131\u015ft\u0131r. \u00c7e\u015fmenin tarihi, antik d\u00f6nemlere kadar uzanmakta olup, \u00f6nemli bir liman ve su kayna\u011f\u0131 olarak da bilinmektedir. Ayr\u0131ca, \u015fifal\u0131 s\u0131cak sular\u0131, g\u00fczel plajlar\u0131 ve tarihi yap\u0131lar\u0131yla da olduk\u00e7a \u00fcnl\u00fcd\u00fcr. \u00dcnl\u00fc tarihi yap\u0131lar\u0131 aras\u0131nda \u00c7e\u015fme Kalesi ve Osmanl\u0131 d\u00f6nemine ait farkl\u0131 \u00e7e\u015fmeler bulunmaktad\u0131r. Ayr\u0131ca, Sak\u0131z Adas\u0131\u2019na olan yak\u0131nl\u0131\u011f\u0131 ile de olduk\u00e7a dikkat \u00e7ekmektedir.<\/p>\n\n\n\n<p><\/p>\n\n\n\n<p>Her y\u0131l milyonlarca turisti a\u011f\u0131rlayan bu pop\u00fcler b\u00f6lgeye seyahat i\u00e7in tercih edilebilecek farkl\u0131 ula\u015f\u0131m se\u00e7enkeleri de mevcuttur. \u00d6rne\u011fin, ister hava, ister kara, isterse de otob\u00fcs kullanarak bu b\u00f6lgeye kolayca ula\u015fabilirsiniz. \u00d6te yandan, Bytransfer, \u0130zmir Havaliman\u0131 transfer hizmetleri kullanarak da kolayca seyahat ger\u00e7ekle\u015ftirebilirsiniz.&nbsp;<\/p>\n\n\n\n<p><\/p>\n\n\n\n<h2 class=\"wp-block-heading\" id=\"cesmeye-nasil-gidilir\">\u00c7e\u015fme\u2019ye Nas\u0131l Gidilir?<\/h2>\n\n\n\n<p><\/p>\n\n\n\n<p>\u0130zmir\u2019in pop\u00fcler tatil beldelerinden biri olan \u00c7e\u015fme\u2019ye ula\u015f\u0131m, hem \u015fehir i\u00e7i hem de \u015fehir d\u0131\u015f\u0131ndan gelen ziyaret\u00e7iler i\u00e7in \u00e7e\u015fitli se\u00e7eneklerle olduk\u00e7a kolay hale gelmi\u015ftir. Bu nedenle, buraya ula\u015fmak isteyenlerin de\u011ferlendirebilece\u011fi ula\u015f\u0131m alternatiflerinin \u00e7e\u015fitlili\u011fi de dikkat \u00e7ekmektedir.<\/p>\n\n\n\n<p><\/p>\n\n\n\n<h2 class=\"wp-block-heading\" id=\"cesmeye-havayolu-ile-ulasim\">\u00c7e\u015fme\u2019ye Havayolu ile Ula\u015f\u0131m<\/h2>\n\n\n\n<p><\/p>\n\n\n\n<p>\u0130stanbul, Ankara gibi T\u00fcrkiye\u2019nin b\u00fcy\u00fck \u015fehirlerinden veya ba\u015fka \u015fehirlerden \u00c7e\u015fme\u2019ye ula\u015fmak isteyenler i\u00e7in en pratik yollardan biri u\u00e7akla \u0130zmir Adnan Menderes Havaliman\u0131\u2019na gelmektir. S\u00f6z konusu havaliman\u0131, \u00c7e\u015fme\u2019ye yakla\u015f\u0131k 95 kilometre uzakl\u0131ktad\u0131r. Havaliman\u0131na ula\u015ft\u0131ktan sonra \u00e7e\u015fitli otob\u00fcs veya <a href=\"https:\/\/www.bytransfer.com.tr\/yeni\/hizmetlerimiz\/\">transfer hizmetleri<\/a> ile \u00c7e\u015fme\u2019ye ula\u015f\u0131m sa\u011flanmas\u0131 m\u00fcmk\u00fcnd\u00fcr. \u00d6rne\u011fin, havaliman\u0131ndan \u00c7e\u015fme\u2019ye do\u011frudan giden Hava\u015f servisleri, bu rota i\u00e7in pop\u00fcler tercihlerdendir. Hava\u015f\u2019\u0131n d\u0131\u015f\u0131nda <a href=\"https:\/\/www.bytransfer.com.tr\/yeni\/\">Bytransfer<\/a> gibi \u00f6zel transfer hizmetleri de mevcuttur.&nbsp;<\/p>\n\n\n\n<p><\/p>\n\n\n\n<h2 class=\"wp-block-heading\" id=\"cesmeye-otobus-ile-ulasim\">\u00c7e\u015fme\u2019ye Otob\u00fcs ile Ula\u015f\u0131m<\/h2>\n\n\n\n<p><\/p>\n\n\n\n<p>\u0130zmir \u015fehir merkezinden \u00c7e\u015fme\u2019ye gitmek isteyenler i\u00e7in ise farkl\u0131 toplu ta\u015f\u0131ma se\u00e7enekleri de bulunmaktad\u0131r. \u0130zmir Otogar\u0131\u2019ndan \u00c7e\u015fme\u2019ye d\u00fczenli olarak kalkan otob\u00fcsler ile daha d\u00fc\u015f\u00fck fiyatl\u0131 ve rahat seyahat ger\u00e7ekle\u015ftirmek m\u00fcmk\u00fcnd\u00fcr. Bunun yan\u0131 s\u0131ra, \u0130zmir \u015fehir i\u00e7indeki \u00dc\u00e7kuyular Semt Garaj\u0131\u2019ndan da \u00c7e\u015fme otob\u00fcslerinin kalkt\u0131\u011f\u0131 bilinmektedir. Ayr\u0131ca <a href=\"https:\/\/www.bytransfer.com.tr\/yeni\/transfer-bolgeleri\/izmir-cesme-transfer\/\">\u0130zmir-\u00c7e\u015fme transfer<\/a> hizmetini kullanarak kolay yolla ula\u015f\u0131labilir.&nbsp;<\/p>\n\n\n\n<p><\/p>\n\n\n<div class=\"wp-block-image\">\n<figure class=\"aligncenter size-full\"><img decoding=\"async\" src=\"https:\/\/www.bytransfer.com.tr\/yeni\/wp-content\/uploads\/cesme-guzelligi.jpg\" alt=\"\" class=\"wp-image-809\"\/><\/figure>\n<\/div>\n\n\n<p><\/p>\n\n\n\n<h2 class=\"wp-block-heading\" id=\"cesmeye-feribot-ile-ulasim\">\u00c7e\u015fme\u2019ye Feribot \u0130le Ula\u015f\u0131m<\/h2>\n\n\n\n<p><\/p>\n\n\n\n<p>Alternatif olarak, yaz aylar\u0131nda artan deniz ula\u015f\u0131m\u0131 se\u00e7enekleri sayesinde feribotla da \u00c7e\u015fme\u2019ye ula\u015fmak m\u00fcmk\u00fcnd\u00fcr. \u00d6zellikle Yunanistan\u2019\u0131n Sak\u0131z Adas\u0131 gibi yak\u0131n Yunan adalar\u0131ndan \u00c7e\u015fme\u2019ye feribot seferlerinin yap\u0131ld\u0131\u011f\u0131 bilinmektedir. Bu seferler genellikle yaz sezonunda daha s\u0131k d\u00fczenlenmekte ve \u00f6zellikle yabanc\u0131 turistler aras\u0131nda pop\u00fcler olmaktad\u0131r.&nbsp;<\/p>\n\n\n\n<p><\/p>\n\n\n\n<h2 class=\"wp-block-heading\" id=\"cesmeye-dolmus-ile-nasil-gidilir\">\u00c7e\u015fme\u2019ye Dolmu\u015f \u0130le Nas\u0131l Gidilir?<\/h2>\n\n\n\n<p><\/p>\n\n\n\n<p>\u00c7e\u015fme\u2019ye dolmu\u015f ile ula\u015fmak isteyenler i\u00e7in en pratik ba\u015flang\u0131\u00e7 noktas\u0131 \u0130zmir \u015fehir merkezidir. \u0130zmir\u2019in \u00e7e\u015fitli semtlerinden \u00c7e\u015fme\u2019ye ula\u015f\u0131m sa\u011flayan minib\u00fcs ve dolmu\u015f seferleri yap\u0131lmaktad\u0131r. \u00d6zellikle \u0130zmir \u015fehir merkezinde yer alan \u00dc\u00e7kuyular Semt Garaj\u0131\u2019n\u0131n, \u00c7e\u015fme dolmu\u015flar\u0131n\u0131n kalk\u0131\u015f noktalar\u0131ndan biri oldu\u011fu bilinmektedir.&nbsp;<\/p>\n\n\n\n<p><\/p>\n\n\n\n<h2 class=\"wp-block-heading\" id=\"cesmeye-ozel-arac-ile-ulasim\">\u00c7e\u015fme\u2019ye \u00d6zel Ara\u00e7 \u0130le Ula\u015f\u0131m<\/h2>\n\n\n\n<p><\/p>\n\n\n\n<p>Kendi arac\u0131yla yolculuk yapmay\u0131 tercih edenler i\u00e7in ise \u0130zmir\u2019e ula\u015ft\u0131ktan sonra, Otoyol 30 ve Otoyol 32 yollar\u0131n\u0131 kullanarak \u00c7e\u015fme\u2019ye kolayca varmak m\u00fcmk\u00fcnd\u00fcr. \u0130stanbul\u2019dan ara\u00e7la gelenler ise, 6-7 saat i\u00e7inde Osman Gazi K\u00f6pr\u00fcs\u00fc\u2019n\u00fc kullanarak Yalova \u00fczerinden \u0130zmir\u2019e, ard\u0131ndan \u00c7e\u015fme\u2019ye ula\u015fabilirler. Ankara\u2019dan ise ara\u00e7la yakla\u015f\u0131k 6 saatlik bir yolculukla \u00c7e\u015fme\u2019ye varmak m\u00fcmk\u00fcnd\u00fcr.<\/p>\n\n\n\n<p><\/p>\n\n\n\n<h2 class=\"wp-block-heading\" id=\"izmir-otogardan-cesmeye-otobus-ile-ulasim\">\u0130zmir Otogardan \u00c7e\u015fme\u2019ye Otob\u00fcs \u0130le Ula\u015f\u0131m<\/h2>\n\n\n\n<p><\/p>\n\n\n\n<p>\u0130zmir Otogar\u0131\u2019ndan \u00c7e\u015fme\u2019ye varmak olduk\u00e7a kolay bir toplu ta\u015f\u0131ma seyahatidie. Bir\u00e7ok \u00fcnl\u00fc otob\u00fcs firmas\u0131 bu g\u00fczergah i\u00e7in seferler d\u00fczenlemektedir. \u0130zmir Otogar\u0131\u2019ndan \u00f6nceden belirlenmi\u015f saatlerde kalkan \u00c7e\u015fme otob\u00fcsleri, direkt olarak \u00c7e\u015fme merkeze gitmekte ve yolculuk s\u00fcresi yakla\u015f\u0131k olarak 1,5 saat s\u00fcrmektedir.&nbsp;<\/p>\n\n\n\n<p><\/p>\n\n\n\n<h2 class=\"wp-block-heading\" id=\"sikca-sorulan-sorular\">S\u0131k\u00e7a Sorulan Sorular<\/h2>\n\n\n\n<p><\/p>\n\n\n<div id=\"rank-math-faq\" class=\"rank-math-block\">\n<div class=\"rank-math-list \">\n<div id=\"faq-question-1731650417850\" class=\"rank-math-list-item\">\n<h3 class=\"rank-math-question \">Fahrettin Altay\u2019dan \u00c7e\u015fme\u2019ye Nas\u0131l Gidilir?<\/h3>\n<div class=\"rank-math-answer \">\n\n<p>Fahrettin Altay\u2019dan \u00c7e\u015fme\u2019ye gitmek i\u00e7in iki fatkl\u0131 belediye otob\u00fcs\u00fcn\u00fc kullanmak m\u00fcmk\u00fcnd\u00fcr. 984 numaral\u0131 Fahrettin Altay-Urla otob\u00fcs\u00fcyle Urlaya gittikten sonra 760 numaral\u0131 Urla-\u00c7e\u015fme otob\u00fcs\u00fcne binerek ula\u015fmak m\u00fcmk\u00fcnd\u00fcr. Otob\u00fcslerin ikisinde de \u0130zmir Kart kullan\u0131m\u0131 m\u00fcmk\u00fcnd\u00fcr.\u00a0<\/p>\n\n<\/div>\n<\/div>\n<div id=\"faq-question-1731650424585\" class=\"rank-math-list-item\">\n<h3 class=\"rank-math-question \">\u00dc\u00e7kuyular\u2019dan \u00c7e\u015fme\u2019ye Nas\u0131l Gidilir?<\/h3>\n<div class=\"rank-math-answer \">\n\n<p>\u0130zmir \u00dc\u00e7kuyular\u2019dan \u00c7e\u015fme\u2019ye ula\u015fmak isteyenler i\u00e7in minib\u00fcsler ve otob\u00fcsler en pop\u00fcler ula\u015f\u0131m ara\u00e7lar\u0131ndand\u0131r.\u00a0<\/p>\n\n<\/div>\n<\/div>\n<div id=\"faq-question-1731650435793\" class=\"rank-math-list-item\">\n<h3 class=\"rank-math-question \">\u0130zban\u2019la \u00c7e\u015fme\u2019ye Nas\u0131l Gidilir?<\/h3>\n<div class=\"rank-math-answer \">\n\n<p>\u0130zban, \u0130zmir\u2019in geni\u015f ula\u015f\u0131m a\u011f\u0131na sahip banliy\u00f6 tren hatt\u0131 olsa da \u00c7e\u015fme\u2019ye do\u011frudan bir ba\u011flant\u0131s\u0131 yoktur. Ancak, \u0130zban\u2019\u0131 kullanarak \u00c7e\u015fme\u2019ye gidi\u015f s\u00fcrecini h\u0131zland\u0131rmak m\u00fcmk\u00fcnd\u00fcr.\u00a0<\/p>\n\n<\/div>\n<\/div>\n<div id=\"faq-question-1731650447241\" class=\"rank-math-list-item\">\n<h3 class=\"rank-math-question \">\u0130zmir\u2019den \u00c7e\u015fme\u2019ye Eshotla nas\u0131l gidilir?<\/h3>\n<div class=\"rank-math-answer \">\n\n<p>\u0130zmir\u2019den \u00c7e\u015fme\u2019ye do\u011frudan bir ESHOT seferi bulunmamaktad\u0131r. Fakat, Fahrettin Altay Transfer Merkezi ve \u00dc\u00e7kuyular Semt Garaj\u0131\u2019ndan otob\u00fcsleri kullanabilirsiniz.\u00a0<\/p>\n\n<\/div>\n<\/div>\n<div id=\"faq-question-1731650463155\" class=\"rank-math-list-item\">\n<h3 class=\"rank-math-question \">\u0130zmir \u00c7e\u015fme otob\u00fcsleri nereden kalkar?<\/h3>\n<div class=\"rank-math-answer \">\n\n<p>\u0130zmir\u2019den \u00c7e\u015fme\u2019ye giden otob\u00fcsler iki ana noktadan kalkmaktad\u0131r. Bu noktalar \u0130zmir Otogar\u0131 ve \u00dc\u00e7kuyular Semt Garaj\u0131 olarak belirtilmektedir.\u00a0<\/p>\n\n<\/div>\n<\/div>\n<div id=\"faq-question-1731650518022\" class=\"rank-math-list-item\">\n<h3 class=\"rank-math-question \">\u0130zmir \u00c7e\u015fme otob\u00fcsle ka\u00e7 saat s\u00fcrer?<\/h3>\n<div class=\"rank-math-answer \">\n\n<p>\u0130zmir\u2019den \u00c7e\u015fme\u2019ye otob\u00fcsle yolculuk s\u00fcresi genellikle 1 ila 1,5 saat s\u00fcrmektedir.<\/p>\n\n<\/div>\n<\/div>\n<\/div>\n<\/div>","protected":false},"excerpt":{"rendered":"<p>\u00c7e\u015fme Nerededir ve Nas\u0131l Gidilir? \u00c7e\u015fme, T\u00fcrkiye\u2019nin \u0130zmir iline ba\u011fl\u0131 ve Ege B\u00f6lgesi\u2019nde yer alan \u00fcnl\u00fc bir tatil beldesidir. S\u00f6z konusu tatil b\u00f6lgesi \u0130zmir\u2019in 94 km bat\u0131s\u0131nda ve \u00c7e\u015fme Yar\u0131madas\u0131\u2019n\u0131n ucunda konumlanm\u0131\u015ft\u0131r. \u00c7e\u015fmenin tarihi, antik d\u00f6nemlere kadar uzanmakta olup, \u00f6nemli bir liman ve su kayna\u011f\u0131 olarak da bilinmektedir. Ayr\u0131ca, \u015fifal\u0131 s\u0131cak sular\u0131, g\u00fczel plajlar\u0131 ve&#8230;<\/p>\n","protected":false},"author":1,"featured_media":2397,"comment_status":"closed","ping_status":"closed","sticky":false,"template":"","format":"standard","meta":{"_acf_changed":false,"_kad_post_transparent":"","_kad_post_title":"","_kad_post_layout":"","_kad_post_sidebar_id":"","_kad_post_content_style":"","_kad_post_vertical_padding":"","_kad_post_feature":"","_kad_post_feature_position":"","_kad_post_header":false,"_kad_post_footer":false,"_kad_post_classname":"","footnotes":""},"categories":[4],"tags":[],"class_list":{"0":"post-2382","1":"post","2":"type-post","3":"status-publish","4":"format-standard","5":"has-post-thumbnail","7":"category-bytransfer"},"acf":[],"_links":{"self":[{"href":"https:\/\/www.bytransfer.com.tr\/yeni\/wp-json\/wp\/v2\/posts\/2382","targetHints":{"allow":["GET"]}}],"collection":[{"href":"https:\/\/www.bytransfer.com.tr\/yeni\/wp-json\/wp\/v2\/posts"}],"about":[{"href":"https:\/\/www.bytransfer.com.tr\/yeni\/wp-json\/wp\/v2\/types\/post"}],"author":[{"embeddable":true,"href":"https:\/\/www.bytransfer.com.tr\/yeni\/wp-json\/wp\/v2\/users\/1"}],"replies":[{"embeddable":true,"href":"https:\/\/www.bytransfer.com.tr\/yeni\/wp-json\/wp\/v2\/comments?post=2382"}],"version-history":[{"count":1,"href":"https:\/\/www.bytransfer.com.tr\/yeni\/wp-json\/wp\/v2\/posts\/2382\/revisions"}],"predecessor-version":[{"id":2414,"href":"https:\/\/www.bytransfer.com.tr\/yeni\/wp-json\/wp\/v2\/posts\/2382\/revisions\/2414"}],"wp:featuredmedia":[{"embeddable":true,"href":"https:\/\/www.bytransfer.com.tr\/yeni\/wp-json\/wp\/v2\/media\/2397"}],"wp:attachment":[{"href":"https:\/\/www.bytransfer.com.tr\/yeni\/wp-json\/wp\/v2\/media?parent=2382"}],"wp:term":[{"taxonomy":"category","embeddable":true,"href":"https:\/\/www.bytransfer.com.tr\/yeni\/wp-json\/wp\/v2\/categories?post=2382"},{"taxonomy":"post_tag","embeddable":true,"href":"https:\/\/www.bytransfer.com.tr\/yeni\/wp-json\/wp\/v2\/tags?post=2382"}],"curies":[{"name":"wp","href":"https:\/\/api.w.org\/{rel}","templated":true}]}}