{"id":2383,"date":"2024-10-29T08:39:30","date_gmt":"2024-10-29T05:39:30","guid":{"rendered":"https:\/\/bytransfer.com.tr\/?p=805"},"modified":"2026-04-17T12:44:57","modified_gmt":"2026-04-17T12:44:57","slug":"izmir-adnan-menderes-havalimani-kusadasi-arasi-kac-km","status":"publish","type":"post","link":"https:\/\/www.bytransfer.com.tr\/yeni\/izmir-adnan-menderes-havalimani-kusadasi-arasi-kac-km\/","title":{"rendered":"\u0130zmir Adnan Menderes Havaliman\u0131 Ku\u015fadas\u0131 aras\u0131 ka\u00e7 km?"},"content":{"rendered":"\n\n\n<p><\/p>\n\n\n\n<p>Ku\u015fadas\u0131, T\u00fcrkiye\u2019nin Ege B\u00f6lgesi\u2019nde, Ayd\u0131n ilinin il\u00e7elerinden biridir. Ayd\u0131n\u2019\u0131n S\u00f6ke ve Germencik il\u00e7eleri ile \u0130zmir\u2019in Sel\u00e7uk il\u00e7esine kom\u015fudur. Ku\u015fadas\u0131, tarihi ve do\u011fal g\u00fczellikleri ile \u00fcnl\u00fc bir turistik destinasyon olarak olduk\u00e7a dikkat \u00e7ekmektedir. Ayn\u0131 zamanda, y\u0131lda 2.400 gemi kabul kapasiteli Ku\u015fadas\u0131 Liman\u0131, yolcu say\u0131s\u0131 ve gemi adedi bak\u0131m\u0131ndan T\u00fcrkiye\u2019deki en \u00f6nemli Kurvaziyer liman\u0131d\u0131r. \u00d6zellikle y\u0131lda 3 milyonun \u00fczerinde turistin u\u011frak noktas\u0131 olan Ku\u015fadas\u0131, turistik a\u00e7\u0131dan olduk\u00e7a dikkat \u00e7eken destinasyonlardand\u0131r. Siz de Ku\u015fadas\u0131\u2019nda e\u015fsiz bir tatil deneyimi i\u00e7in Bytransfer <a href=\"https:\/\/www.bytransfer.com.tr\/yeni\/transfer-bolgeleri\/izmir-havalimani-kusadasi-transfer\/\">\u0130zmir Havaliman\u0131-Ku\u015fadas\u0131 transfer<\/a> hizmetinden yararlanabilirsiniz.&nbsp;<\/p>\n\n\n\n<p><\/p>\n\n\n\n<h2 class=\"wp-block-heading\" id=\"izmir-kusadasi-arasi-kac-km\">\u0130zmir Ku\u015fadas\u0131 Aras\u0131 Ka\u00e7 Km?<\/h2>\n\n\n\n<p><\/p>\n\n\n\n<p>\u0130zmir ile Ku\u015fadas\u0131 aras\u0131ndaki mesafe, T\u00fcrkiye\u2019nin Ege B\u00f6lgesi\u2019ndeki s\u0131k\u00e7a seyahat edilen rotalardan biri olarak bilinmektedir. \u0130zmir\u2019den Ku\u015fadas\u0131\u2019na karayolu ile gitmek isteyenler i\u00e7in yol mesafesinin yakla\u015f\u0131k olarak 100 kilometre oldu\u011fu s\u00f6ylenilmektedir. \u00d6te yandan, bu mesafe, arac\u0131n\u0131zla yola \u00e7\u0131k\u0131p kar\u015f\u0131la\u015ft\u0131\u011f\u0131n\u0131z trafik durumuna g\u00f6re de de\u011fi\u015fiklik g\u00f6sterebilir, fakat genellikle bir bu\u00e7uk saate yak\u0131n bir s\u00fcrede tamamlanabilece\u011fi g\u00f6r\u00fclmektedir.<\/p>\n\n\n\n<p><\/p>\n\n\n\n<h2 class=\"wp-block-heading\" id=\"kusadasi-izmir-havaalani-arasi-kac-km\">Ku\u015fadas\u0131 \u0130zmir Havaalan\u0131 Aras\u0131 Ka\u00e7 Km?<\/h2>\n\n\n\n<p><\/p>\n\n\n\n<p>Ku\u015fadas\u0131 ile \u0130zmir Adnan Menderes Havaliman\u0131 aras\u0131ndaki mesafe yakla\u015f\u0131k 85 kilometre olarak bilinmektedir. Bu mesafeyi ara\u00e7la katetmenin, yol ve trafik durumuna ba\u011fl\u0131 olarak yakla\u015f\u0131k bir saat s\u00fcrd\u00fc\u011f\u00fc bilinmektedir. \u0130zmir-Ayd\u0131n otoyolu \u00fczerinden yap\u0131lacak bir yolculukla bu mesafenin h\u0131zl\u0131 ve problemsiz bir \u015fekilde kat edilmesi m\u00fcmk\u00fcnd\u00fcr. \u0130laveten, Ku\u015fadas\u0131\u2019ndan \u0130zmir Havaliman\u0131\u2019na d\u00fczenlenen otob\u00fcs seferleri ve <a href=\"http:\/\/v\">Bytransfer<\/a> gibi \u00f6zel transfer servisleri de bulunmaktad\u0131r.<\/p>\n\n\n\n<p><\/p>\n\n\n\n<h2 class=\"wp-block-heading\" id=\"izmir-kusadasi-arasi-kac-saat\">\u0130zmir Ku\u015fadas\u0131 Aras\u0131 Ka\u00e7 Saat?<\/h2>\n\n\n\n<p><\/p>\n\n\n\n<p>\u0130zmir ile Ku\u015fadas\u0131 aras\u0131 mesafe yakla\u015f\u0131k olarak 100 kilometre civar\u0131nda bulunmaktad\u0131r ve bu yolculu\u011fun \u00f6zel ara\u00e7la genellikle 1-1,5 saat aras\u0131 s\u00fcrd\u00fc\u011f\u00fc bilinmektedir. Yolculuk s\u00fcresi, tercih edilen g\u00fczergah, trafik durumu ve seyahat arac\u0131na ba\u011fl\u0131 olarak de\u011fi\u015fiklik g\u00f6sterebilmektedir. \u00d6zellikle \u0130zmir-Ayd\u0131n otoyolu \u00fczerinden yap\u0131lan yolculuklarda bu s\u00fcre daha d\u00fc\u015f\u00fck olabilmektedir. Ek olarak, otob\u00fcs gibi farkl\u0131 toplu ula\u015f\u0131m se\u00e7enekleri ile bu s\u00fcrelerin daha da uzad\u0131\u011f\u0131 g\u00f6r\u00fclmektedir.&nbsp;<\/p>\n\n\n\n<p><\/p>\n\n\n\n<h2 class=\"wp-block-heading\" id=\"izmirden-kusadasina-nasil-gidilir\">\u0130zmir\u2019den Ku\u015fadas\u0131\u2019na Nas\u0131l Gidilir?<\/h2>\n\n\n\n<p><\/p>\n\n\n\n<p>\u0130zmir-Ku\u015fadas\u0131 aras\u0131nda katedilen g\u00fczergah, s\u00fcr\u00fcc\u00fclere rahat bir yolculuk imkan\u0131 sunmas\u0131yla bilinmektedir. \u0130zmir\u2019den yola \u00e7\u0131kan insanlar, ilk olarak Ayd\u0131n-\u0130zmir otoyolunu kullanabilirler. Bu yol, Ege b\u00f6lgesindeki en i\u015flek otoyollardan biridir ve s\u00fcr\u00fcc\u00fclere h\u0131zl\u0131 bir ula\u015f\u0131m sa\u011flamas\u0131yla dikkat \u00e7ekmektedir. Otoyolun belirli bir b\u00f6l\u00fcm\u00fcnden sonra Ku\u015fadas\u0131\u2019na do\u011fru y\u00f6nlendiren tabelalar\u0131 takip ederek Ku\u015fadas\u0131\u2019na rahat bir \u015fekilde ula\u015fmak m\u00fcmk\u00fcnd\u00fcr.<\/p>\n\n\n\n<p><\/p>\n\n\n\n<figure class=\"wp-block-image size-full\"><img decoding=\"async\" src=\"https:\/\/www.bytransfer.com.tr\/yeni\/wp-content\/uploads\/Izmir-Adnan-Menderes-Havalimani-Kusadasi-arasi.jpg\" alt=\"\u0130zmir Adnan Menderes Havaliman\u0131 Ku\u015fadas\u0131 aras\u0131 ka\u00e7 km?\" class=\"wp-image-810\"\/><\/figure>\n\n\n\n<p><\/p>\n\n\n\n<h2 class=\"wp-block-heading\" id=\"izmirden-kusadasina-ozel-aracla-nasil-gidilir\">\u0130zmir&#8217;den Ku\u015fadas\u0131&#8217;na \u00d6zel Ara\u00e7la Nas\u0131l Gidilir?<\/h2>\n\n\n\n<p><\/p>\n\n\n\n<p>Ku\u015fadas\u0131, \u00f6zellikle yaz aylar\u0131nda yo\u011fun bir ziyaret\u00e7i ak\u0131n\u0131na u\u011frayan bir tatil beldesi \u00f6zelli\u011fi ta\u015f\u0131maktad\u0131r. Bu nedenle, \u00f6zellikle tatil sezonunda yolculuk s\u00fcrelerinin uzad\u0131\u011f\u0131 g\u00f6r\u00fclebilmektedir. Ayr\u0131ca, Ku\u015fadas\u0131 \u00e7evresinde ziyaret edilebilecek bir\u00e7ok tarihi ve turistik alan da bulunur. \u00d6rne\u011fin, \u00f6zel arac\u0131n\u0131zla yapt\u0131\u011f\u0131n\u0131z yolculukta, antik \u00e7a\u011f\u0131n en \u00fcnl\u00fc kentlerinden biri olan Efes Antik Kenti\u2019ni de, ziyaret edebilirsiniz. Bu gibi \u00e7evresel turistik yerler, Ku\u015fadas\u0131\u2019na olan ilgiyi daha da art\u0131rmakta ve \u0130zmir ve Ku\u015fadas\u0131 g\u00fczergah\u0131n\u0131 y\u0131l boyunca pop\u00fcler k\u0131lmaktad\u0131r.&nbsp;<\/p>\n\n\n\n<p><\/p>\n\n\n\n<h2 class=\"wp-block-heading\" id=\"izmirden-kusadasina-otobusle-nasil-gidilir\">\u0130zmir&#8217;den Ku\u015fadas\u0131&#8217;na Otob\u00fcsle Nas\u0131l Gidilir?<\/h2>\n\n\n\n<p><\/p>\n\n\n\n<p>\u0130zmir\u2019den Ku\u015fadas\u0131\u2019na gitmek isteyenler i\u00e7in farkl\u0131 ula\u015f\u0131m se\u00e7enekleri de bulunmaktad\u0131r. Kendi arac\u0131 olmayanlar i\u00e7in otob\u00fcs seferleri de olduk\u00e7a yayg\u0131n g\u00fczergahlardand\u0131r. \u0130zmir \u015fehir merkezinden veya \u0130zmir Otogar\u0131ndan kalkan bir\u00e7ok otob\u00fcs firmas\u0131na sahip otob\u00fcsler belirli saatlerde Ku\u015fadas\u0131\u2019na seferler d\u00fczenlemektedir. Ek olarak, s\u00f6z konusu otob\u00fcs yolculuklar\u0131 genellikle 2 saat civar\u0131nda s\u00fcrmektedir. Alternatif bir se\u00e7im olarak, \u0130zmir Adnan Menderes Havaliman\u0131ndan Ku\u015fadas\u0131na direkt olarak giden transfer servisleri de bulunmaktad\u0131r. \u00d6rne\u011fin, Bytransfer ile ileti\u015fime ge\u00e7erek yolculu\u011funuzu daha konforlu hale getirebilirsiniz.&nbsp;<\/p>\n\n\n\n<p><\/p>\n\n\n\n<h2 class=\"wp-block-heading\" id=\"izmir-kusadasi-tren-var-mi\">\u0130zmir Ku\u015fadas\u0131 Tren Var M\u0131?<\/h2>\n\n\n\n<p><\/p>\n\n\n\n<p>\u0130zmir Ku\u015fadas\u0131 aras\u0131nda tren var m\u0131 \u015feklindeki sorular tren yolculu\u011funu daha \u00e7ok tercih eden tatilciler taraf\u0131ndan olduk\u00e7a merak edilmektedir. Sonu\u00e7 olarak, bilmek gerekir ki, \u0130zmir\u2019den Ku\u015fadas\u0131\u2019na gitmek i\u00e7in tren yolculu\u011fu kullanmak m\u00fcmk\u00fcnd\u00fcr. \u00d6rne\u011fin, Basmane-Denizli ya da G\u00f6ller Ekspresi \u015feklindeki tren seferlerini kullanarak Ku\u015fadas\u0131\u2019na 13 km uzakl\u0131kta yer alan \u00c7aml\u0131k Tren \u0130stasyonuna ula\u015fman\u0131z m\u00fcmk\u00fcnd\u00fcr. Tren istasyonuna vard\u0131ktan sonra ise b\u00f6lgede bulunan dolmu\u015f yada otob\u00fcs seferleri ile Ku\u015fadas\u0131 merkezine kolayl\u0131kla gidebilirsiniz.<\/p>\n\n\n\n<p><\/p>\n\n\n\n<h2 class=\"wp-block-heading\" id=\"izmir-kusadasi-dolmus-var-mi\">\u0130zmir Ku\u015fadas\u0131 Dolmu\u015f Var M\u0131?<\/h2>\n\n\n\n<p><\/p>\n\n\n\n<p>\u0130zmir ile Ku\u015fadas\u0131 aras\u0131ndaki ba\u015fka bir pop\u00fcler ula\u015f\u0131m arac\u0131 da dolmu\u015flard\u0131r. \u0130zmir Otogar\u0131ndan Ku\u015fadas\u0131 Otogar\u0131na hareket eden dolmu\u015flar ile bu iki g\u00fczergah aras\u0131nda rahatl\u0131kla yolculuk yapabilirsiniz. \u0130zmir ve Ku\u015fadas\u0131 aras\u0131ndaki dolmu\u015f seferlerinin her yar\u0131m saatte bir d\u00fczenlendi\u011fi bilinmektedir. \u0130lk dolmu\u015f, \u0130zmir Otogar\u0131\u2019ndan sabah 07.30\u2019da hareket ederken, son dolmu\u015fun kalk\u0131\u015f saati ise 21.30\u2019dur.<\/p>\n\n\n\n<p><\/p>\n\n\n\n<h2 class=\"wp-block-heading\" id=\"sikca-sorulan-sorular\">S\u0131k\u00e7a Sorulan Sorular:<\/h2>\n\n\n\n<p><\/p>\n\n\n<div id=\"rank-math-faq\" class=\"rank-math-block\">\n<div class=\"rank-math-list \">\n<div id=\"faq-question-1731651253724\" class=\"rank-math-list-item\">\n<h3 class=\"rank-math-question \">Ku\u015fadas\u0131&#8217;ndan \u0130zmir&#8217;e araba ile gitmek ne kadara mal olur?<\/h3>\n<div class=\"rank-math-answer \">\n\n<p>Ku\u015fadas\u0131\u2019ndan \u0130zmir\u2019e araba ile gitmenin maliyeti, birka\u00e7 fakt\u00f6re ba\u011fl\u0131 olarak de\u011fi\u015fmektedir. Bu fakt\u00f6rler aras\u0131nda arac\u0131n yak\u0131t t\u00fcketimi, yak\u0131t fiyatlar\u0131 ve yolculuk s\u0131ras\u0131nda kullan\u0131lan yolun \u00fccreti yer almaktad\u0131r. \u00d6rne\u011fin, \u0130zmir-Ayd\u0131n otoyolunun kullan\u0131lmas\u0131 kullan\u0131lan ara\u00e7 tipine g\u00f6re de\u011fi\u015fmekle birlikte, 2024 y\u0131l\u0131 itibar\u0131yla yakla\u015f\u0131k 40 TL civar\u0131ndad\u0131r.\u00a0<\/p>\n\n<\/div>\n<\/div>\n<div id=\"faq-question-1731651259418\" class=\"rank-math-list-item\">\n<h3 class=\"rank-math-question \">Ku\u015fadas\u0131&#8217;ndan \u0130zmir&#8217;e araba yolculu\u011fu ne kadar s\u00fcrer?<\/h3>\n<div class=\"rank-math-answer \">\n\n<p>Ku\u015fadas\u0131\u2019ndan \u0130zmir\u2019e araba ile yolculuk, genellikle 1-1,5 saat aras\u0131nda s\u00fcrmektedir. Bu s\u00fcre, trafik yo\u011funlu\u011fu ve g\u00fczergah se\u00e7imine ba\u011fl\u0131 olarak da de\u011fi\u015fkenlik g\u00f6stermektedir. E\u011fer \u0130zmir-Ayd\u0131n otoyolunu kullan\u0131rsan\u0131z, yolculuk s\u00fcresi daha k\u0131sa olabilir, \u00e7\u00fcnk\u00fc bu yol genellikle daha h\u0131zl\u0131 bir ula\u015f\u0131m sa\u011flamas\u0131yla bilinmektedir.\u00a0<\/p>\n\n<\/div>\n<\/div>\n<div id=\"faq-question-1731651273809\" class=\"rank-math-list-item\">\n<h3 class=\"rank-math-question \">Ku\u015fadas\u0131&#8217;ndan \u0130zmir&#8217;e u\u00e7akla gidilir mi?<\/h3>\n<div class=\"rank-math-answer \">\n\n<p>Ku\u015fadas\u0131\u2019ndan \u0130zmir\u2019e do\u011frudan u\u00e7akla gitmek m\u00fcmk\u00fcn de\u011fildir, \u00e7\u00fcnk\u00fc Ku\u015fadas\u0131\u2019nda herhangi bir havaalan\u0131 bulunmamaktad\u0131r.\u00a0<\/p>\n\n<\/div>\n<\/div>\n<div id=\"faq-question-1731651281507\" class=\"rank-math-list-item\">\n<h3 class=\"rank-math-question \">Ku\u015fadas\u0131&#8217;ndan \u0130zmir&#8217;e hangi otoyol gidiyor?<\/h3>\n<div class=\"rank-math-answer \">\n\n<p>Ku\u015fadas\u0131\u2019ndan \u0130zmir\u2019e seyahat etmek i\u00e7in en yayg\u0131n kullan\u0131lan otoyol \u0130zmir-Ayd\u0131n Otoyolu olarak da bilinen O-31 olmaktad\u0131r.\u00a0<\/p>\n\n<\/div>\n<\/div>\n<\/div>\n<\/div>","protected":false},"excerpt":{"rendered":"<p>Ku\u015fadas\u0131, T\u00fcrkiye\u2019nin Ege B\u00f6lgesi\u2019nde, Ayd\u0131n ilinin il\u00e7elerinden biridir. Ayd\u0131n\u2019\u0131n S\u00f6ke ve Germencik il\u00e7eleri ile \u0130zmir\u2019in Sel\u00e7uk il\u00e7esine kom\u015fudur. Ku\u015fadas\u0131, tarihi ve do\u011fal g\u00fczellikleri ile \u00fcnl\u00fc bir turistik destinasyon olarak olduk\u00e7a dikkat \u00e7ekmektedir. Ayn\u0131 zamanda, y\u0131lda 2.400 gemi kabul kapasiteli Ku\u015fadas\u0131 Liman\u0131, yolcu say\u0131s\u0131 ve gemi adedi bak\u0131m\u0131ndan T\u00fcrkiye\u2019deki en \u00f6nemli Kurvaziyer liman\u0131d\u0131r. \u00d6zellikle y\u0131lda 3&#8230;<\/p>\n","protected":false},"author":1,"featured_media":2397,"comment_status":"closed","ping_status":"closed","sticky":false,"template":"","format":"standard","meta":{"_acf_changed":false,"_kad_post_transparent":"","_kad_post_title":"","_kad_post_layout":"","_kad_post_sidebar_id":"","_kad_post_content_style":"","_kad_post_vertical_padding":"","_kad_post_feature":"","_kad_post_feature_position":"","_kad_post_header":false,"_kad_post_footer":false,"_kad_post_classname":"","footnotes":""},"categories":[4],"tags":[],"class_list":{"0":"post-2383","1":"post","2":"type-post","3":"status-publish","4":"format-standard","5":"has-post-thumbnail","7":"category-bytransfer"},"acf":[],"_links":{"self":[{"href":"https:\/\/www.bytransfer.com.tr\/yeni\/wp-json\/wp\/v2\/posts\/2383","targetHints":{"allow":["GET"]}}],"collection":[{"href":"https:\/\/www.bytransfer.com.tr\/yeni\/wp-json\/wp\/v2\/posts"}],"about":[{"href":"https:\/\/www.bytransfer.com.tr\/yeni\/wp-json\/wp\/v2\/types\/post"}],"author":[{"embeddable":true,"href":"https:\/\/www.bytransfer.com.tr\/yeni\/wp-json\/wp\/v2\/users\/1"}],"replies":[{"embeddable":true,"href":"https:\/\/www.bytransfer.com.tr\/yeni\/wp-json\/wp\/v2\/comments?post=2383"}],"version-history":[{"count":1,"href":"https:\/\/www.bytransfer.com.tr\/yeni\/wp-json\/wp\/v2\/posts\/2383\/revisions"}],"predecessor-version":[{"id":2412,"href":"https:\/\/www.bytransfer.com.tr\/yeni\/wp-json\/wp\/v2\/posts\/2383\/revisions\/2412"}],"wp:featuredmedia":[{"embeddable":true,"href":"https:\/\/www.bytransfer.com.tr\/yeni\/wp-json\/wp\/v2\/media\/2397"}],"wp:attachment":[{"href":"https:\/\/www.bytransfer.com.tr\/yeni\/wp-json\/wp\/v2\/media?parent=2383"}],"wp:term":[{"taxonomy":"category","embeddable":true,"href":"https:\/\/www.bytransfer.com.tr\/yeni\/wp-json\/wp\/v2\/categories?post=2383"},{"taxonomy":"post_tag","embeddable":true,"href":"https:\/\/www.bytransfer.com.tr\/yeni\/wp-json\/wp\/v2\/tags?post=2383"}],"curies":[{"name":"wp","href":"https:\/\/api.w.org\/{rel}","templated":true}]}}