{"id":2386,"date":"2025-07-03T11:55:17","date_gmt":"2025-07-03T08:55:17","guid":{"rendered":"https:\/\/bytransfer.com.tr\/?p=867"},"modified":"2026-04-17T12:42:46","modified_gmt":"2026-04-17T12:42:46","slug":"kusadasi-kamp-alanlari","status":"publish","type":"post","link":"https:\/\/www.bytransfer.com.tr\/yeni\/kusadasi-kamp-alanlari\/","title":{"rendered":"Ku\u015fadas\u0131 Kamp Alanlar\u0131: En G\u00fczel 15 Yer"},"content":{"rendered":"\n<h1 class=\"wp-block-heading\">Ku\u015fadas\u0131 Kamp Alanlar\u0131: En G\u00fczel 15 Yer<\/h1>\n\n\n\n<figure class=\"wp-block-image size-full\"><img decoding=\"async\" src=\"https:\/\/www.bytransfer.com.tr\/yeni\/wp-content\/uploads\/Kusadasi-Kamp-Alanlari-1.jpg\" alt=\"\" class=\"wp-image-875\" \/><\/figure>\n\n\n\n<p>Ege\u2019nin do\u011fa harikalar\u0131ndan biri olan Ku\u015fadas\u0131, kamp\u00e7\u0131lar i\u00e7in hem deniz hem do\u011fa deneyimini bir arada sunan nadir rotalardan biridir.&nbsp;<\/p>\n\n\n\n<p>Bu i\u00e7erikte, \u00e7ad\u0131r ya da karavan kamp\u0131 yapmak isteyenler i\u00e7in Ku\u015fadas\u0131&#8217;n\u0131n en \u00e7ok tercih edilen 15 kamp alan\u0131n\u0131 tan\u0131t\u0131yoruz. Her alan; olanaklar\u0131, konumu ve sundu\u011fu do\u011fal g\u00fczellikleriyle \u00f6ne \u00e7\u0131k\u0131yor.<\/p>\n\n\n\n<p>Ku\u015fadas\u0131\u2019nda kamp yapabilece\u011finiz en iyi yerler:<\/p>\n\n\n\n<ul class=\"wp-block-list\">\n<li>\u0130\u00e7meler Koyu Kamp Alan\u0131 \u2013 G\u00fczel\u00e7aml\u0131<\/li>\n\n\n\n<li>Ada Kamping \u2013 Davutlar<\/li>\n\n\n\n<li>Dereli Motel ve Kamping \u2013 Zeytink\u00f6y<\/li>\n\n\n\n<li>Antique Lodge Karavan Kamp Alan\u0131 \u2013 Bayrakl\u0131dede<\/li>\n\n\n\n<li>Lazo\u011flu Kamping \u2013 G\u00fczel\u00e7aml\u0131<\/li>\n\n\n\n<li>Cennet Koy Kamp Alan\u0131<\/li>\n\n\n\n<li>Yat Camping \u2013 Ku\u015fadas\u0131 Merkez<\/li>\n\n\n\n<li>G\u00fczel\u00e7aml\u0131 Ven\u00fcs Plaj\u0131 Kamp Alan\u0131<\/li>\n\n\n\n<li>Duman Camping \u2013 G\u00fczel\u00e7aml\u0131<\/li>\n\n\n\n<li>\u00d6nder Kamping \u2013 T\u00fcrkmen Mahallesi<\/li>\n\n\n\n<li>Karasu Koyu Kamp Alan\u0131 \u2013 G\u00fczel\u00e7aml\u0131<\/li>\n\n\n\n<li>Adag\u00f6l Kamp Alan\u0131 \u2013 Bayrakl\u0131tepe<\/li>\n\n\n\n<li>M\u00fcrsel Pansiyon \u00c7ad\u0131r Camping \u2013 Yavansu<\/li>\n\n\n\n<li>Kavakl\u0131burun Koyu Kamp Alan\u0131 \u2013 G\u00fczel\u00e7aml\u0131<\/li>\n\n\n\n<li>Sevgi Plaj\u0131 Kamp Alan\u0131 \u2013 Davutlar<\/li>\n<\/ul>\n\n\n\n<p>Ku\u015fadas\u0131\u2019nda kamp yapabilece\u011finiz alanlar olduk\u00e7a \u00e7e\u015fitli olup, her kamp\u00e7\u0131n\u0131n beklentisine g\u00f6re farkl\u0131 \u00f6zellikler sunmaktad\u0131r. Baz\u0131 alanlar denize s\u0131f\u0131r ve \u00fccretsiz do\u011fal b\u00f6lgelerden olu\u015furken, baz\u0131lar\u0131 ise tam donan\u0131ml\u0131 \u00f6zel i\u015fletmelerdir.&nbsp;<\/p>\n\n\n\n<p>\u00c7ad\u0131r kurmak, karavan park etmek, y\u00fcr\u00fcy\u00fc\u015f yapmak ya da sadece dinlenmek i\u00e7in Ku\u015fadas\u0131 kamp alanlar\u0131 olduk\u00e7a elveri\u015fli se\u00e7enekler sunar.<\/p>\n\n\n\n<h3 class=\"wp-block-heading\">1. \u0130\u00e7meler Koyu Kamp Alan\u0131 \u2013 G\u00fczel\u00e7aml\u0131<\/h3>\n\n\n\n<figure class=\"wp-block-image size-full\"><img decoding=\"async\" src=\"https:\/\/www.bytransfer.com.tr\/yeni\/wp-content\/uploads\/Icmeler-Koyu-Kamp-Alani.jpg\" alt=\"\" class=\"wp-image-869\" \/><\/figure>\n\n\n\n<p>Dilek Yar\u0131madas\u0131 B\u00fcy\u00fck Menderes Deltas\u0131 Milli Park\u0131 i\u00e7erisinde yer alan \u0130\u00e7meler Koyu, kamp\u00e7\u0131lar i\u00e7in e\u015fsiz bir do\u011fa deneyimi sunar. Ormanla \u00e7evrili, denize s\u0131f\u0131r konumuyla dikkat \u00e7eken bu koyda sadece ku\u015f sesleri ve dalga sesleriyle ba\u015f ba\u015fa kalabilirsiniz.&nbsp;<\/p>\n\n\n\n<p>B\u00f6lgede ate\u015f yakmak yasakt\u0131r, ancak do\u011fal g\u00fczelli\u011fiyle bunu telafi eder. Y\u00fcr\u00fcy\u00fc\u015f yollar\u0131, piknik alanlar\u0131 ve berrak deniziyle do\u011fa foto\u011fraf\u00e7\u0131lar\u0131 i\u00e7in de idealdir.<\/p>\n\n\n\n<p>Koyun \u00e7evresi, sabah saatlerinde sisli bir manzaraya b\u00fcr\u00fcn\u00fcr ve bu da kamp\u00e7\u0131lara benzersiz bir g\u00fcn do\u011fumu deneyimi sunar. Ak\u015fam saatlerinde ise g\u00f6ky\u00fcz\u00fcndeki y\u0131ld\u0131zlar\u0131 hi\u00e7bir \u0131\u015f\u0131k kirlili\u011fi olmadan izlemek m\u00fcmk\u00fcnd\u00fcr. Sessizlik arayanlar i\u00e7in \u015fehir hayat\u0131ndan tam anlam\u0131yla kopma f\u0131rsat\u0131 sunar.<\/p>\n\n\n\n<h3 class=\"wp-block-heading\">2. Ada Kamping \u2013 Davutlar<\/h3>\n\n\n\n<p>Davutlar sahiline olduk\u00e7a yak\u0131n bir noktada bulunan Ada Kamping, \u00e7ad\u0131r ve karavan konaklamalar\u0131na uygundur. A\u011fa\u00e7larla \u00e7evrili kamp alan\u0131nda g\u00f6lgede serinleyebilir, sabahlar\u0131 ku\u015f sesleriyle uyanabilirsiniz. Tesiste du\u015f, tuvalet, elektrik ba\u011flant\u0131s\u0131, mutfak alan\u0131 ve k\u00fc\u00e7\u00fck bir market gibi olanaklar mevcut. Ayr\u0131ca \u00e7ocuklu aileler i\u00e7in de g\u00fcvenli ve rahat bir ortam sunar.<\/p>\n\n\n\n<p>Alan, gece saatlerinde sessizli\u011fin h\u00e2kim oldu\u011fu bir ortam sunarak dinlenmek isteyen ziyaret\u00e7iler i\u00e7in idealdir. Kamp alan\u0131nda zaman zaman kamp\u00e7\u0131lara \u00f6zel d\u00fczenlenen k\u00fc\u00e7\u00fck etkinlikler de ger\u00e7ekle\u015fmektedir. Yaz aylar\u0131nda bile serin kalan havas\u0131 ve temiz do\u011fas\u0131 sayesinde Ada Kamping, uzun s\u00fcreli konaklamalar i\u00e7in de tercih edilmektedir.<\/p>\n\n\n\n<h3 class=\"wp-block-heading\">3. Dereli Motel ve Kamping \u2013 Zeytink\u00f6y<\/h3>\n\n\n\n<figure class=\"wp-block-image size-full\"><img decoding=\"async\" src=\"https:\/\/www.bytransfer.com.tr\/yeni\/wp-content\/uploads\/Dereli-Motel-ve-Kamping.jpg\" alt=\"\" class=\"wp-image-870\" \/><\/figure>\n\n\n\n<p>Zeytink\u00f6y s\u0131n\u0131rlar\u0131 i\u00e7erisinde konumlanan bu kamp alan\u0131, \u00f6zellikle kalabal\u0131ktan uzakla\u015f\u0131p sakin bir ortam arayanlar i\u00e7in birebirdir. A\u011fa\u00e7lar alt\u0131nda serin bir konumda bulunan Dereli Motel ve Kamping, do\u011fayla ba\u015f ba\u015fa bir deneyim ya\u015famak isteyenler i\u00e7in temel imkanlar sa\u011flar. WC, du\u015f, oturma alanlar\u0131 ve kamp\u00e7\u0131lara y\u00f6nelik k\u00fc\u00e7\u00fck bir b\u00fcfe hizmeti bulunur.<\/p>\n\n\n\n<p>Alanda sessizlik h\u00e2kim oldu\u011fu i\u00e7in kitap okumak ya da do\u011fada meditasyon yapmak isteyenler taraf\u0131ndan s\u0131k\u00e7a tercih edilir. Geceleri y\u0131ld\u0131zlar\u0131 izlemek i\u00e7in ideal a\u00e7\u0131k alanlara sahiptir. \u00d6zellikle bahar aylar\u0131nda ku\u015f sesleriyle dolu sabahlarda, do\u011fayla i\u00e7 i\u00e7e huzurlu bir uyan\u0131\u015f deneyimi sunar.<\/p>\n\n\n\n<h3 class=\"wp-block-heading\">4. Antique Lodge Karavan Kamp Alan\u0131 \u2013 Bayrakl\u0131dede<\/h3>\n\n\n\n<p>Karavan tatili planlayanlar i\u00e7in ideal bir durak olan Antique Lodge, Ku\u015fadas\u0131 merkeze olduk\u00e7a yak\u0131n bir konumda yer al\u0131r. Modern altyap\u0131s\u0131 sayesinde elektrik, su, internet, sosyal alanlar gibi ihtiya\u00e7lara kolayl\u0131kla eri\u015febilirsiniz.&nbsp;<\/p>\n\n\n\n<p>Ayn\u0131 zamanda havuz, restoran ve bar gibi ekstralar sunarak konforlu bir kamp ortam\u0131 sa\u011flar. Karavan severlerin g\u00f6zdesi haline gelmi\u015f bir lokasyondur.<\/p>\n\n\n\n<p>Tesisin geni\u015f ve d\u00fczenli kamp alan\u0131, hem bireysel hem de grup halinde gelen ziyaret\u00e7ilerin rahat etmesini sa\u011flar. \u00d6zellikle temizlik ve hijyen konusundaki titizli\u011fiyle dikkat \u00e7eken bu kamp alan\u0131, uzun s\u00fcreli konaklamalarda da g\u00fcvenle tercih edilir. B\u00f6lge \u00e7evresindeki do\u011fa y\u00fcr\u00fcy\u00fc\u015f\u00fc parkurlar\u0131 sayesinde misafirler yaln\u0131zca kamp de\u011fil, ke\u015fif odakl\u0131 tatiller de yapabilir.<\/p>\n\n\n\n<h3 class=\"wp-block-heading\">5. Lazo\u011flu Kamping \u2013 G\u00fczel\u00e7aml\u0131<\/h3>\n\n\n\n<p>Do\u011fal g\u00fczelli\u011fi bozulmam\u0131\u015f bir alanda kamp yapmak isteyenler i\u00e7in Lazo\u011flu Kamping bi\u00e7ilmi\u015f kaftan. Geni\u015f \u00e7ad\u0131r kurma alanlar\u0131, karavan giri\u015fine uygun park yerleri ve g\u00f6lgelik a\u011fa\u00e7lar\u0131yla yaz aylar\u0131nda serin ve huzurlu bir ortam sunar. Plaja sadece birka\u00e7 ad\u0131m mesafede yer alan kamp alan\u0131, deniz tutkunlar\u0131 i\u00e7in de cazip bir se\u00e7enektir.<\/p>\n\n\n\n<p>Tesisin do\u011fal yap\u0131s\u0131 korunarak in\u015fa edilmi\u015f olmas\u0131, kamp\u00e7\u0131lara hem rahatl\u0131k hem de \u00e7evreyle uyumlu bir tatil f\u0131rsat\u0131 sunar. Kamp alan\u0131, do\u011fa y\u00fcr\u00fcy\u00fc\u015fleri yapmak isteyenler i\u00e7in \u00e7evresinde k\u0131sa rotalar sunmaktad\u0131r. \u00d6zellikle sabah saatlerinde denizden gelen serin esintiler, g\u00fcne zinde ba\u015flaman\u0131z\u0131 sa\u011flar.<\/p>\n\n\n\n<h3 class=\"wp-block-heading\">6. Cennet Koyu Kamp Alan\u0131<\/h3>\n\n\n\n<figure class=\"wp-block-image size-full\"><img decoding=\"async\" src=\"https:\/\/www.bytransfer.com.tr\/yeni\/wp-content\/uploads\/Cennet-Koyu-Kamp-Alani.jpg\" alt=\"\" class=\"wp-image-871\" \/><\/figure>\n\n\n\n<p>Ger\u00e7ek anlamda bir do\u011fa ka\u00e7ama\u011f\u0131 ya\u015famak isteyenler i\u00e7in Cennet Koy e\u015fsiz bir b\u00f6lgedir. Ula\u015f\u0131m\u0131 biraz zor olsa da vard\u0131\u011f\u0131n\u0131zda sizi kar\u015f\u0131layan manzara ve do\u011fan\u0131n huzuru bu zahmete fazlas\u0131yla de\u011fecektir. B\u00f6lgede herhangi bir tesis bulunmad\u0131\u011f\u0131 i\u00e7in haz\u0131rl\u0131kl\u0131 gitmek gerekir. Kamp\u00e7\u0131lar yanlar\u0131nda yiyecek, i\u00e7ecek ve t\u00fcm ekipmanlar\u0131n\u0131 g\u00f6t\u00fcrmelidir.<\/p>\n\n\n\n<p>Koyun \u00e7evresi, g\u00fcn\u00fcn farkl\u0131 saatlerinde bamba\u015fka manzaralar sunar; sabahlar\u0131 puslu ve serin bir hava, ak\u015famlar\u0131 ise alt\u0131n rengi g\u00fcn bat\u0131m\u0131 ile doludur.&nbsp;<\/p>\n\n\n\n<p>Kamp alan\u0131nda telefon sinyali \u00e7o\u011fu zaman zay\u0131ft\u0131r, bu da ger\u00e7ekten do\u011fadan kopmadan zaman ge\u00e7irme imk\u00e2n\u0131 sa\u011flar. Sessizlik, temiz hava ve y\u0131ld\u0131zlarla dolu bir gece g\u00f6ky\u00fcz\u00fc arayanlar i\u00e7in Cennet Koy, adeta do\u011fan\u0131n sessiz kuca\u011f\u0131d\u0131r.<\/p>\n\n\n\n<h3 class=\"wp-block-heading\">7. Yat Camping \u2013 Ku\u015fadas\u0131 Merkez<\/h3>\n\n\n\n<p>Ku\u015fadas\u0131 \u015fehir merkezine sadece y\u00fcr\u00fcme mesafesinde olan Yat Camping, hem do\u011faya yak\u0131n hem de sosyal hayata eri\u015filebilir bir kamp alan\u0131d\u0131r. Kamp\u00e7\u0131lar i\u00e7in \u00e7ad\u0131r, karavan alanlar\u0131, ortak kullan\u0131m mutfa\u011f\u0131, du\u015f, WC ve Wi-Fi hizmetleri sunulmaktad\u0131r. \u00d6zellikle ula\u015f\u0131m sorunu ya\u015famadan kamp yapmak isteyenler i\u00e7in olduk\u00e7a uygundur.<\/p>\n\n\n\n<p>Tesis, \u015fehirdeki restoranlara, kafelere ve plajlara y\u00fcr\u00fcme mesafesinde oldu\u011fundan konforlu bir tatil isteyenler i\u00e7in ideal bir tercihtir. Geceleri g\u00fcvenli bir ortam sunmas\u0131, tek ba\u015f\u0131na seyahat eden kamp\u00e7\u0131lar i\u00e7in b\u00fcy\u00fck bir avantajd\u0131r. Ayr\u0131ca \u00e7ocuklu ailelerin tercih etti\u011fi d\u00fczenli ve bak\u0131ml\u0131 alanlar\u0131yla \u00f6ne \u00e7\u0131kar.<\/p>\n\n\n\n<h3 class=\"wp-block-heading\">8. G\u00fczel\u00e7aml\u0131 Ven\u00fcs Plaj\u0131 Kamp Alan\u0131<\/h3>\n\n\n\n<p>Ven\u00fcs Plaj\u0131 \u00e7evresi, do\u011fa ve denizle i\u00e7 i\u00e7e kamp yapmak isteyenler i\u00e7in hem ula\u015f\u0131labilir hem de g\u00fcvenli bir ortam sa\u011flar. Plaj\u0131n yak\u0131n\u0131nda \u00fccretsiz kamp yap\u0131labilen b\u00f6lgeler bulunur. Sabah g\u00fcne\u015fiyle uyanmak, masmavi denizde y\u00fczmek ve g\u00fcn bat\u0131m\u0131n\u0131 \u00e7ad\u0131r\u0131n\u0131zdan izlemek isteyenler i\u00e7in harika bir yerdir.<\/p>\n\n\n\n<p>Ayr\u0131ca b\u00f6lgede g\u00fcn boyu g\u00fcne\u015f alan \u00e7ad\u0131r alanlar\u0131 bulundu\u011fu i\u00e7in g\u00fcne\u015f enerjili ekipmanlar kullanan kamp\u00e7\u0131lar i\u00e7in de uygundur. Kamp alan\u0131 \u00e7evresinde y\u00fcr\u00fcy\u00fc\u015f yapabilece\u011finiz do\u011fal patikalar ve manzara noktalar\u0131 yer al\u0131r. Sessiz ve huzurlu atmosferi sayesinde meditasyon ya da yoga gibi aktiviteler i\u00e7in de tercih edilmektedir.<\/p>\n\n\n\n<h3 class=\"wp-block-heading\">9. Duman Camping \u2013 G\u00fczel\u00e7aml\u0131<\/h3>\n\n\n\n<figure class=\"wp-block-image size-full\"><img decoding=\"async\" src=\"https:\/\/www.bytransfer.com.tr\/yeni\/wp-content\/uploads\/Duman-Camping.jpg\" alt=\"\" class=\"wp-image-872\" \/><\/figure>\n\n\n\n<p>Geni\u015f \u00e7ad\u0131r alanlar\u0131, karavan park yerleri ve hijyenik ortak alanlar\u0131 ile dikkat \u00e7eken Duman Camping, kamp severler i\u00e7in keyifli bir ortam sunar. Yaz sezonunda etkinlikler, mangal alanlar\u0131 ve sosyal bulu\u015fma noktalar\u0131 ile \u00f6zellikle kalabal\u0131k gruplar i\u00e7in idealdir. Sessizli\u011fi ve do\u011fayla uyumu bozmadan tatil yap\u0131labilecek g\u00fczel bir tesis.<\/p>\n\n\n\n<p>Tesis, \u00e7ocuklu aileler i\u00e7in oyun alanlar\u0131 ve g\u00fcvenlik \u00f6nlemleri a\u00e7\u0131s\u0131ndan da tercih sebebidir. G\u00fcn boyu g\u00fcne\u015f alan a\u00e7\u0131k \u00e7ad\u0131r alanlar\u0131 sayesinde g\u00fcne\u015f enerjisiyle \u00e7al\u0131\u015fan ekipmanlar rahatl\u0131kla kullan\u0131labilir. Ak\u015fam saatlerinde yak\u0131lan kamp ate\u015fi \u00e7evresinde sohbet etmek isteyen kamp\u00e7\u0131lar i\u00e7in sosyal bir ortam olu\u015fur.<\/p>\n\n\n\n<h3 class=\"wp-block-heading\">10. \u00d6nder Kamping \u2013 T\u00fcrkmen Mahallesi<\/h3>\n\n\n\n<p>Ku\u015fadas\u0131 merkezine \u00e7ok yak\u0131n olan \u00d6nder Kamping, uzun s\u00fcreli kamp yapmak isteyenlerin g\u00f6zdesi. Restoran, \u00e7ama\u015f\u0131rhane, du\u015f, tuvalet, buzdolab\u0131 gibi altyap\u0131lar sayesinde konforlu bir tatil imkan\u0131 sa\u011flar. Hem tek ba\u015f\u0131na gelen kamp\u00e7\u0131lar hem de aileler i\u00e7in uygun ve g\u00fcvenlidir.<\/p>\n\n\n\n<p>Kamp alan\u0131, \u015fehir merkezine olan yak\u0131nl\u0131\u011f\u0131 sayesinde al\u0131\u015fveri\u015f, sa\u011fl\u0131k hizmetleri ve e\u011flence olanaklar\u0131na kolayca ula\u015f\u0131m sa\u011flar. G\u00f6lgelik alanlar\u0131 ve geni\u015f d\u00fcz zeminleri sayesinde \u00e7ad\u0131r kurmak olduk\u00e7a rahatt\u0131r. Ayr\u0131ca kamp alan\u0131n\u0131n d\u00fczenli olarak temizlenmesi, hijyen konusunda hassas olan misafirler i\u00e7in \u00f6nemli bir avantaj sunar.<\/p>\n\n\n\n<h3 class=\"wp-block-heading\">11. Karasu Koyu Kamp Alan\u0131 \u2013 G\u00fczel\u00e7aml\u0131<\/h3>\n\n\n\n<figure class=\"wp-block-gallery has-nested-images columns-default is-cropped wp-block-gallery-1 is-layout-flex wp-block-gallery-is-layout-flex\">\n<figure class=\"wp-block-image size-large\"><img decoding=\"async\" data-id=\"873\" src=\"https:\/\/www.bytransfer.com.tr\/yeni\/wp-content\/uploads\/Karasu-Koyu-Kamp-Alani.jpg\" alt=\"\" class=\"wp-image-873\" \/><\/figure>\n<\/figure>\n\n\n\n<p>Daha az bilinen ama do\u011fa severlerin bildi\u011fi bir nokta olan Karasu Koyu, sessiz ve sakin bir atmosfer sunar. Herhangi bir tesis veya altyap\u0131 bulunmad\u0131\u011f\u0131 i\u00e7in tam anlam\u0131yla do\u011fal kamp deneyimi ya\u015famak m\u00fcmk\u00fcnd\u00fcr. \u00d6zellikle yaln\u0131z kalmak isteyen kamp\u00e7\u0131lar i\u00e7in m\u00fckemmel bir se\u00e7enektir.<\/p>\n\n\n\n<p>Deniz suyu burada olduk\u00e7a temizdir ve y\u00fczmek i\u00e7in do\u011fal bir koy ortam\u0131 sunar. Kamp\u00e7\u0131lar g\u00fcn boyunca sadece do\u011fan\u0131n seslerini dinleyerek ruhen dinlenme f\u0131rsat\u0131 bulur. Do\u011fayla ba\u015f ba\u015fa y\u00fcr\u00fcy\u00fc\u015f yapmak isteyenler i\u00e7in \u00e7evresinde ke\u015ffedilmeyi bekleyen bir\u00e7ok patika yol bulunur.<\/p>\n\n\n\n<h3 class=\"wp-block-heading\">12. Adag\u00f6l Kamp Alan\u0131 \u2013 Bayrakl\u0131tepe<\/h3>\n\n\n\n<p>Adag\u00f6l \u00e7evresi hem g\u00fcn\u00fcbirlik ziyaret\u00e7iler hem de kamp\u00e7\u0131lar taraf\u0131ndan s\u0131k tercih edilir. G\u00f6l manzaral\u0131 \u00e7ad\u0131r alanlar\u0131, y\u00fcr\u00fcy\u00fc\u015f parkurlar\u0131 ve piknik alanlar\u0131 ile do\u011fayla i\u00e7 i\u00e7e bir konaklama deneyimi sunar. Aileler i\u00e7in olduk\u00e7a uygun bir b\u00f6lgedir. Kamp alan\u0131nda WC ve oturma alanlar\u0131 mevcuttur.<\/p>\n\n\n\n<p>\u00c7evredeki y\u00fcr\u00fcy\u00fc\u015f rotalar\u0131, do\u011fayla ba\u015f ba\u015fa vakit ge\u00e7irmek isteyenler i\u00e7in \u00e7e\u015fitli manzara noktalar\u0131 sunar. Sabah saatlerinde g\u00f6l\u00fcn \u00fczerinde olu\u015fan hafif sis, kartpostall\u0131k bir g\u00f6r\u00fcnt\u00fc olu\u015fturur. Alandaki do\u011fal ku\u015f ya\u015fam\u0131 ise \u00f6zellikle \u00e7ocuklu aileler ve do\u011fa g\u00f6zlemcileri i\u00e7in ekstra bir deneyim katar.<\/p>\n\n\n\n<h3 class=\"wp-block-heading\">13. M\u00fcrsel Pansiyon \u00c7ad\u0131r Camping \u2013 Yavansu<\/h3>\n\n\n\n<p>M\u00fcrsel Pansiyon, butik hizmet sunan bir \u00e7ad\u0131r kamp alan\u0131d\u0131r. Sessizlik, do\u011fall\u0131k ve s\u0131cak misafirperverlik arayanlar i\u00e7in uygundur. K\u00fc\u00e7\u00fck bir bah\u00e7ede \u00e7ad\u0131r kurabilir, pansiyon mutfa\u011f\u0131ndan faydalanabilir, temel ihtiya\u00e7lar\u0131n\u0131z\u0131 rahatl\u0131kla kar\u015f\u0131layabilirsiniz. \u00d6zellikle \u00e7ocuksuz \u00e7iftlerin huzur aray\u0131\u015f\u0131 i\u00e7in \u00f6nerilir.<\/p>\n\n\n\n<p>Tesiste konaklayan misafirler i\u00e7in do\u011fa y\u00fcr\u00fcy\u00fc\u015f\u00fc yapabilecekleri k\u0131sa parkurlar da mevcuttur. Kamp alan\u0131 \u00e7evresindeki meyve a\u011fa\u00e7lar\u0131, \u00f6zellikle bahar aylar\u0131nda ho\u015f kokular ve do\u011fal g\u00f6lgelik alanlar yarat\u0131r. G\u00fcler y\u00fczl\u00fc i\u015fletmecilerin sundu\u011fu samimi ortam, konuklar\u0131n tekrar tekrar gelmek istemesine neden olmaktad\u0131r.<\/p>\n\n\n\n<h3 class=\"wp-block-heading\">14. Kavakl\u0131burun Koyu Kamp Alan\u0131 \u2013 G\u00fczel\u00e7aml\u0131<\/h3>\n\n\n\n<p>Dilek Yar\u0131madas\u0131 i\u00e7erisinde, y\u00fcr\u00fcyerek veya bisikletle ula\u015f\u0131labilen Kavakl\u0131burun Koyu, ke\u015ffedilmemi\u015f do\u011fa alanlar\u0131yla kamp\u00e7\u0131lara e\u015fsiz bir deneyim sunar. Burada tamamen kendi ekipman\u0131n\u0131zla kamp yapman\u0131z gerekir. Orman i\u00e7inde, deniz kenar\u0131nda kamp yapmak isteyenler i\u00e7in Ku\u015fadas\u0131\u2019n\u0131n en \u00f6zel noktalar\u0131ndan biridir.<\/p>\n\n\n\n<p>Koyun \u00e7evresinde bulunan do\u011fal y\u00fcr\u00fcy\u00fc\u015f parkurlar\u0131, do\u011fa ke\u015ffine \u00e7\u0131kmak isteyenler i\u00e7in harika bir alternatif sunar. Gece saatlerinde y\u0131ld\u0131zlar\u0131n ayd\u0131nlatt\u0131\u011f\u0131 g\u00f6ky\u00fcz\u00fc, foto\u011fraf merakl\u0131lar\u0131 i\u00e7in e\u015fsiz kareler olu\u015fturma f\u0131rsat\u0131 verir. Sessizli\u011fi ve insan yo\u011funlu\u011funun azl\u0131\u011f\u0131 sayesinde, meditasyon ve do\u011fa ile ba\u015f ba\u015fa vakit ge\u00e7irmek isteyenler i\u00e7in ideal bir ortamd\u0131r.<\/p>\n\n\n\n<h3 class=\"wp-block-heading\">15. Sevgi Plaj\u0131 Kamp Alan\u0131 \u2013 Davutlar<\/h3>\n\n\n\n<figure class=\"wp-block-gallery has-nested-images columns-default is-cropped wp-block-gallery-2 is-layout-flex wp-block-gallery-is-layout-flex\">\n<figure class=\"wp-block-image size-large\"><img decoding=\"async\" data-id=\"874\" src=\"https:\/\/www.bytransfer.com.tr\/yeni\/wp-content\/uploads\/Sevgi-Plaji-Kamp-Alani.jpg\" alt=\"\" class=\"wp-image-874\" \/><\/figure>\n<\/figure>\n\n\n\n<p>Sevgi Plaj\u0131, hem yerel halk hem de tatilciler aras\u0131nda olduk\u00e7a pop\u00fcler bir sahildir. Plaj \u00e7evresinde \u00fccretsiz kamp yapabilece\u011finiz uygun alanlar bulunur. Hafta sonlar\u0131 yo\u011fun olabilece\u011fi i\u00e7in erken saatlerde gitmekte fayda vard\u0131r. Tuvalet, du\u015f gibi olanaklar k\u0131s\u0131tl\u0131 olsa da deniz keyfi ve do\u011fal ortam\u0131 tatmin edicidir.<\/p>\n\n\n\n<p>Deniz s\u0131\u011f ve kumluk oldu\u011fu i\u00e7in \u00f6zellikle \u00e7ocuklu aileler taraf\u0131ndan tercih edilmektedir. Kamp alan\u0131 yak\u0131nlar\u0131nda y\u00fcr\u00fcy\u00fc\u015f yapabilece\u011finiz sahil yolu ve piknik masalar\u0131 da mevcuttur. G\u00fcn bat\u0131m\u0131n\u0131 deniz kenar\u0131nda izlemek isteyen kamp\u00e7\u0131lar i\u00e7in olduk\u00e7a romantik ve huzurlu bir atmosfer sunar.<\/p>\n\n\n\n<h2 class=\"wp-block-heading\">\u0130zmir\u2019den Ku\u015fadas\u0131\u2019na Ula\u015f\u0131m: Kamp Yolculu\u011funuzu Planlay\u0131n<\/h2>\n\n\n\n<p>Kamp tatilinize \u0130zmir&#8217;den ba\u015flayacaksan\u0131z, Ku\u015fadas\u0131&#8217;na ula\u015f\u0131m konusunda en konforlu ve g\u00fcvenilir se\u00e7enek ByTransfer&#8217;dir. <a href=\"https:\/\/www.bytransfer.com.tr\/yeni\/\" target=\"_blank\" rel=\"noreferrer noopener\">\u0130zmir havaliman\u0131 transfer<\/a> hizmetlerinde y\u0131llard\u0131r kalite ve m\u00fc\u015fteri memnuniyeti odakl\u0131 \u00e7al\u0131\u015fan ByTransfer, bireysel ya da grup yolculuklar\u0131n\u0131z i\u00e7in geni\u015f ara\u00e7 filosu ve deneyimli s\u00fcr\u00fcc\u00fc kadrosuyla hizmet vermektedir.<\/p>\n\n\n\n<p>ByTransfer ile seyahatinizi \u00f6nceden planlayabilir, kamp ekipmanlar\u0131n\u0131zla birlikte rahat\u00e7a yolculuk yapabilirsiniz. <a href=\"https:\/\/www.bytransfer.com.tr\/yeni\/izmir-havalimani-transfer-fiyatlari\/\" target=\"_blank\" rel=\"noreferrer noopener\">\u0130zmir havaliman\u0131 transfer fiyatlar\u0131<\/a> konusunda da rekabet\u00e7i ve sabit fiyat garantisi sunan ByTransfer, s\u00fcrpriz maliyetlerle kar\u015f\u0131la\u015fmadan ula\u015f\u0131m\u0131n\u0131z\u0131 kolayla\u015ft\u0131r\u0131r.<\/p>\n\n\n\n<p>Ku\u015fadas\u0131\u2019na ula\u015f\u0131mda konforu ve g\u00fcvenli\u011fi bir arada ya\u015famak istiyorsan\u0131z, tercihinizi ByTransfer\u2019den yana kullanarak tatilinize stressiz bir ba\u015flang\u0131\u00e7 yapabilirsiniz. <a href=\"https:\/\/www.bytransfer.com.tr\/yeni\/transfer-bolgeleri\/izmir-havalimani-kusadasi-transfer\/\" target=\"_blank\" rel=\"noreferrer noopener\">\u0130zmir havaliman\u0131 Ku\u015fadas\u0131 transfer<\/a> hizmetlerinde uzmanla\u015fm\u0131\u015f olan ByTransfer, kamp\u00e7\u0131lar i\u00e7in b\u00fcy\u00fck kolayl\u0131k sa\u011flamaktad\u0131r. Profesyonel hizmet anlay\u0131\u015f\u0131yla \u00f6ne \u00e7\u0131kan marka, kamp severler i\u00e7in en uygun ula\u015f\u0131m \u00e7\u00f6z\u00fcm\u00fcn\u00fc sunar.<\/p>\n\n\n\n<p>Tatilinizi do\u011fada, huzurla ve konforla ge\u00e7irmek istiyorsan\u0131z, Ku\u015fadas\u0131 kamp alanlar\u0131 sizleri bekliyor!<\/p>\n","protected":false},"excerpt":{"rendered":"<p>Ku\u015fadas\u0131 Kamp Alanlar\u0131: En G\u00fczel 15 Yer Ege\u2019nin do\u011fa harikalar\u0131ndan biri olan Ku\u015fadas\u0131, kamp\u00e7\u0131lar i\u00e7in hem deniz hem do\u011fa deneyimini bir arada sunan nadir rotalardan biridir.&nbsp; Bu i\u00e7erikte, \u00e7ad\u0131r ya da karavan kamp\u0131 yapmak isteyenler i\u00e7in Ku\u015fadas\u0131&#8217;n\u0131n en \u00e7ok tercih edilen 15 kamp alan\u0131n\u0131 tan\u0131t\u0131yoruz. Her alan; olanaklar\u0131, konumu ve sundu\u011fu do\u011fal g\u00fczellikleriyle \u00f6ne \u00e7\u0131k\u0131yor&#8230;.<\/p>\n","protected":false},"author":1,"featured_media":2397,"comment_status":"closed","ping_status":"closed","sticky":false,"template":"","format":"standard","meta":{"_acf_changed":false,"_kad_post_transparent":"","_kad_post_title":"","_kad_post_layout":"","_kad_post_sidebar_id":"","_kad_post_content_style":"","_kad_post_vertical_padding":"","_kad_post_feature":"","_kad_post_feature_position":"","_kad_post_header":false,"_kad_post_footer":false,"_kad_post_classname":"","footnotes":""},"categories":[4],"tags":[],"class_list":{"0":"post-2386","1":"post","2":"type-post","3":"status-publish","4":"format-standard","5":"has-post-thumbnail","7":"category-bytransfer"},"acf":[],"_links":{"self":[{"href":"https:\/\/www.bytransfer.com.tr\/yeni\/wp-json\/wp\/v2\/posts\/2386","targetHints":{"allow":["GET"]}}],"collection":[{"href":"https:\/\/www.bytransfer.com.tr\/yeni\/wp-json\/wp\/v2\/posts"}],"about":[{"href":"https:\/\/www.bytransfer.com.tr\/yeni\/wp-json\/wp\/v2\/types\/post"}],"author":[{"embeddable":true,"href":"https:\/\/www.bytransfer.com.tr\/yeni\/wp-json\/wp\/v2\/users\/1"}],"replies":[{"embeddable":true,"href":"https:\/\/www.bytransfer.com.tr\/yeni\/wp-json\/wp\/v2\/comments?post=2386"}],"version-history":[{"count":1,"href":"https:\/\/www.bytransfer.com.tr\/yeni\/wp-json\/wp\/v2\/posts\/2386\/revisions"}],"predecessor-version":[{"id":2407,"href":"https:\/\/www.bytransfer.com.tr\/yeni\/wp-json\/wp\/v2\/posts\/2386\/revisions\/2407"}],"wp:featuredmedia":[{"embeddable":true,"href":"https:\/\/www.bytransfer.com.tr\/yeni\/wp-json\/wp\/v2\/media\/2397"}],"wp:attachment":[{"href":"https:\/\/www.bytransfer.com.tr\/yeni\/wp-json\/wp\/v2\/media?parent=2386"}],"wp:term":[{"taxonomy":"category","embeddable":true,"href":"https:\/\/www.bytransfer.com.tr\/yeni\/wp-json\/wp\/v2\/categories?post=2386"},{"taxonomy":"post_tag","embeddable":true,"href":"https:\/\/www.bytransfer.com.tr\/yeni\/wp-json\/wp\/v2\/tags?post=2386"}],"curies":[{"name":"wp","href":"https:\/\/api.w.org\/{rel}","templated":true}]}}