{"id":2387,"date":"2026-01-12T07:41:42","date_gmt":"2026-01-12T04:41:42","guid":{"rendered":"https:\/\/bytransfer.com.tr\/?p=890"},"modified":"2026-04-17T12:42:42","modified_gmt":"2026-04-17T12:42:42","slug":"uludagda-yapilmasi-gerekenler","status":"publish","type":"post","link":"https:\/\/www.bytransfer.com.tr\/yeni\/uludagda-yapilmasi-gerekenler\/","title":{"rendered":"izmir&#8217;den uluda\u011f&#8217;a transfer|bytransfer ile konforlu yolculuk"},"content":{"rendered":"<h1>izmir&#8217; den uluda\u011f&#8217; a transfer | Bytransfer ile konforlu yolculuk<\/h1>\n<p data-start=\"281\" data-end=\"657\"><strong data-start=\"281\" data-end=\"312\">\u0130zmir\u2019den Uluda\u011f\u2019a transfer<\/strong>, \u00f6zellikle k\u0131\u015f turizmi ve kayak tatili planlayanlar i\u00e7in konforlu ve g\u00fcvenli bir ula\u015f\u0131m \u00e7\u00f6z\u00fcm\u00fc gerektirir. Bytransfer, \u0130zmir \u00e7\u0131k\u0131\u015fl\u0131\u00a0<strong data-start=\"446\" data-end=\"478\">\u00f6zel Uluda\u011f transfer hizmeti<\/strong>\u00a0ile uzun yolculuklar\u0131 keyifli ve zahmetsiz hale getirir. Geni\u015f ve bak\u0131ml\u0131 ara\u00e7 filosu, deneyimli s\u00fcr\u00fcc\u00fcler ve sabit fiyat avantaj\u0131 sayesinde Uluda\u011f\u2019a ula\u015f\u0131m art\u0131k \u00e7ok daha rahat.<\/p>\n<p data-start=\"659\" data-end=\"890\">\u0130zmir Adnan Menderes Havaliman\u0131, \u015fehir merkezi veya \u00e7evre il\u00e7elerden al\u0131narak Uluda\u011f\u2019daki otelinize kadar\u00a0<strong data-start=\"765\" data-end=\"792\">kap\u0131dan kap\u0131ya transfer<\/strong>\u00a0sa\u011flan\u0131r. Yol boyunca mola planlamas\u0131 ve k\u0131\u015f ko\u015fullar\u0131na uygun ara\u00e7larla g\u00fcvenli seyahat sunulur.<\/p>\n<h2>Uluda\u011f\u2019da Yap\u0131lacaklar | D\u00f6rt Mevsim Tatil Deneyimi<\/h2>\n<p data-start=\"953\" data-end=\"1057\">Uluda\u011f, yaln\u0131zca kayak severler i\u00e7in de\u011fil, do\u011fa ve e\u011flence arayan herkes i\u00e7in zengin aktiviteler sunar.<\/p>\n<p data-start=\"1059\" data-end=\"1108\"><strong data-start=\"1059\" data-end=\"1085\">Uluda\u011f\u2019da yap\u0131lacaklar<\/strong>\u00a0aras\u0131nda \u00f6ne \u00e7\u0131kanlar:<\/p>\n<ul data-start=\"1109\" data-end=\"1352\">\n<li data-start=\"1109\" data-end=\"1156\">\n<p data-start=\"1111\" data-end=\"1156\">Kayak ve snowboard pistlerinde k\u0131\u015f sporlar\u0131<\/p>\n<\/li>\n<li data-start=\"1157\" data-end=\"1188\">\n<p data-start=\"1159\" data-end=\"1188\">Teleferik ile manzara seyri<\/p>\n<\/li>\n<li data-start=\"1189\" data-end=\"1225\">\n<p data-start=\"1191\" data-end=\"1225\">Kar motoru ve k\u0131zak aktiviteleri<\/p>\n<\/li>\n<li data-start=\"1226\" data-end=\"1268\">\n<p data-start=\"1228\" data-end=\"1268\">Da\u011f y\u00fcr\u00fcy\u00fc\u015fleri ve do\u011fa foto\u011fraf\u00e7\u0131l\u0131\u011f\u0131<\/p>\n<\/li>\n<li data-start=\"1269\" data-end=\"1307\">\n<p data-start=\"1271\" data-end=\"1307\">Otel ve da\u011f evlerinde \u015f\u00f6mine keyfi<\/p>\n<\/li>\n<li data-start=\"1308\" data-end=\"1352\">\n<p data-start=\"1310\" data-end=\"1352\">Uluda\u011f Milli Park\u0131\u2019nda temiz hava ve huzur<\/p>\n<\/li>\n<\/ul>\n<p data-start=\"1354\" data-end=\"1458\">Bytransfer ile Uluda\u011f\u2019a ula\u015ft\u0131\u011f\u0131n\u0131zda, ula\u015f\u0131m stresinden uzak bir \u015fekilde tatilinize odaklanabilirsiniz.<\/p>\n<h3>Neden Bytransfer ile Uluda\u011f Transferi?<\/h3>\n<ul data-start=\"1508\" data-end=\"1703\">\n<li data-start=\"1508\" data-end=\"1558\">\n<p data-start=\"1510\" data-end=\"1558\">\u0130zmir\u2019den Uluda\u011f\u2019a\u00a0<strong data-start=\"1529\" data-end=\"1558\">\u00f6zel ve konforlu transfer<\/strong><\/p>\n<\/li>\n<li data-start=\"1559\" data-end=\"1595\">\n<p data-start=\"1561\" data-end=\"1595\">Sabit ve \u015feffaf fiyat politikas\u0131<\/p>\n<\/li>\n<li data-start=\"1596\" data-end=\"1628\">\n<p data-start=\"1598\" data-end=\"1628\">K\u0131\u015f \u015fartlar\u0131na uygun ara\u00e7lar<\/p>\n<\/li>\n<li data-start=\"1629\" data-end=\"1660\">\n<p data-start=\"1631\" data-end=\"1660\">Zaman\u0131nda ve g\u00fcvenli ula\u015f\u0131m<\/p>\n<\/li>\n<li data-start=\"1661\" data-end=\"1703\">\n<p data-start=\"1663\" data-end=\"1703\">Aileler ve gruplar i\u00e7in ideal \u00e7\u00f6z\u00fcmler<\/p>\n<\/li>\n<\/ul>\n<p data-start=\"1705\" data-end=\"1808\"><strong data-start=\"1705\" data-end=\"1719\">Bytransfer<\/strong>, \u0130zmir\u2013Uluda\u011f transfer hizmetinde konforu, g\u00fcvenli\u011fi ve profesyonelli\u011fi bir arada sunar.<\/p>\n<h3>Teleferik ile Zirve Keyfi<\/h3>\n<p>Bursa\u2019dan Uluda\u011f\u2019a \u00e7\u0131kan teleferik hatt\u0131, T\u00fcrkiye\u2019nin en uzun teleferik hatlar\u0131ndan biridir. Teleferik yolculu\u011fu s\u0131ras\u0131nda e\u015fsiz manzaralar e\u015fli\u011finde unutulmaz bir deneyim ya\u015fayabilirsiniz.<\/p>\n<p>\t\t\t\t\t\t\t\t\t\t\t\t\t<img loading=\"lazy\" decoding=\"async\" width=\"800\" height=\"800\" src=\"https:\/\/www.bytransfer.com.tr\/yeni\/wp-content\/uploads\/uludag1.png\" alt=\"\" \/>\t\t\t\t\t\t\t\t\t\t\t\t\t<\/p>\n<h2>Uluda\u011f\u2019da Yaz\u0131n Yap\u0131lmas\u0131 Gerekenler<\/h2>\n<p data-start=\"1853\" data-end=\"1985\">Uluda\u011f\u2019da yap\u0131lmas\u0131 gerekenler sadece k\u0131\u015fla s\u0131n\u0131rl\u0131 de\u011fildir. Yaz aylar\u0131nda Uluda\u011f, serin havas\u0131 ve do\u011fal g\u00fczellikleriyle \u00f6ne \u00e7\u0131kar.<\/p>\n<h3>Do\u011fa Y\u00fcr\u00fcy\u00fc\u015fleri ve Trekking<\/h3>\n<p data-start=\"2020\" data-end=\"2183\">Uluda\u011f Milli Park\u0131, do\u011fa y\u00fcr\u00fcy\u00fc\u015fleri i\u00e7in olduk\u00e7a uygundur. \u0130\u015faretlenmi\u015f y\u00fcr\u00fcy\u00fc\u015f rotalar\u0131 sayesinde g\u00fcvenli ve keyifli parkurlarda do\u011fayla ba\u015f ba\u015fa kalabilirsiniz.<\/p>\n<h3>Kamp ve Piknik<\/h3>\n<p data-start=\"2204\" data-end=\"2384\">Uluda\u011f\u2019da yaz\u0131n yap\u0131lmas\u0131 gerekenler aras\u0131nda kamp yapmak ve piknik de yer al\u0131r. \u00c7ad\u0131r kamp\u0131 i\u00e7in uygun alanlar bulunur. Serin hava, yaz s\u0131ca\u011f\u0131ndan ka\u00e7mak isteyenler i\u00e7in idealdir.<\/p>\n<p>\t\t\t\t\t\t\t\t\t\t\t\t\t<img loading=\"lazy\" decoding=\"async\" width=\"800\" height=\"800\" src=\"https:\/\/www.bytransfer.com.tr\/yeni\/wp-content\/uploads\/uludag2.png\" alt=\"\" \/>\t\t\t\t\t\t\t\t\t\t\t\t\t<\/p>\n<h2>Uluda\u011f\u2019da Yap\u0131lmas\u0131 Gereken Di\u011fer Aktiviteler<\/h2>\n<p>Uluda\u011f\u2019da yap\u0131lmas\u0131 gerekenler listesi olduk\u00e7a geni\u015ftir ve her ya\u015ftan ziyaret\u00e7iye hitap eder.<\/p>\n<h3>Foto\u011fraf\u00e7\u0131l\u0131k<\/h3>\n<p data-start=\"2549\" data-end=\"2701\">Do\u011fal manzaralar, g\u00f6ller ve ormanlar foto\u011fraf tutkunlar\u0131 i\u00e7in e\u015fsiz kareler sunar. \u00d6zellikle g\u00fcn do\u011fumu ve g\u00fcn bat\u0131m\u0131 saatlerinde manzara b\u00fcy\u00fcleyicidir.<\/p>\n<h3>Y\u00f6resel Lezzetleri Tatmak<\/h3>\n<p data-start=\"2733\" data-end=\"2868\">Uluda\u011f ve \u00e7evresindeki tesislerde Bursa\u2019ya \u00f6zg\u00fc y\u00f6resel lezzetleri tatmak m\u00fcmk\u00fcnd\u00fcr. Geziyi lezzet molalar\u0131yla zenginle\u015ftirebilirsiniz.<\/p>\n<p>\t\t\t\t\t\t\t\t\t\t\t\t\t<img loading=\"lazy\" decoding=\"async\" width=\"800\" height=\"534\" src=\"https:\/\/www.bytransfer.com.tr\/yeni\/wp-content\/uploads\/0a7f3175-bd8c-4caa-840c-e910eb988ecc.jpg\" alt=\"\" \/>\t\t\t\t\t\t\t\t\t\t\t\t\t<\/p>\n<h2>Uluda\u011f\u2019a Gitmeden \u00d6nce Bilmeniz Gerekenler<\/h2>\n<p data-start=\"2917\" data-end=\"3165\">Uluda\u011f\u2019da yap\u0131lmas\u0131 gerekenler kadar planlama da \u00f6nemlidir. Mevsime uygun k\u0131yafetler tercih edilmeli, k\u0131\u015f aylar\u0131nda zincir ve kar lasti\u011fi gibi \u00f6nlemler al\u0131nmal\u0131d\u0131r. Hafta sonlar\u0131 yo\u011funluk olabilece\u011fi i\u00e7in erken saatlerde yola \u00e7\u0131kmak avantaj sa\u011flar.<\/p>\n<h2>Sonu\u00e7: Uluda\u011f\u2019da Yap\u0131lmas\u0131 Gerekenler Her Mevsim Farkl\u0131<\/h2>\n<p data-start=\"3227\" data-end=\"3469\">Sonu\u00e7 olarak Uluda\u011f\u2019da yap\u0131lmas\u0131 gerekenler, mevsime g\u00f6re de\u011fi\u015fiklik g\u00f6sterse de her d\u00f6nemde keyifli aktiviteler sunar. \u0130ster kayak yapmak isteyin ister do\u011fayla i\u00e7 i\u00e7e vakit ge\u00e7irmek, Uluda\u011f her beklentiye hitap eden e\u015fsiz bir destinasyondur.<\/p>\n","protected":false},"excerpt":{"rendered":"<p>izmir&#8217; den uluda\u011f&#8217; a transfer | Bytransfer ile konforlu yolculuk \u0130zmir\u2019den Uluda\u011f\u2019a transfer, \u00f6zellikle k\u0131\u015f turizmi ve kayak tatili planlayanlar i\u00e7in konforlu ve g\u00fcvenli bir ula\u015f\u0131m \u00e7\u00f6z\u00fcm\u00fc gerektirir. Bytransfer, \u0130zmir \u00e7\u0131k\u0131\u015fl\u0131\u00a0\u00f6zel Uluda\u011f transfer hizmeti\u00a0ile uzun yolculuklar\u0131 keyifli ve zahmetsiz hale getirir. Geni\u015f ve bak\u0131ml\u0131 ara\u00e7 filosu, deneyimli s\u00fcr\u00fcc\u00fcler ve sabit fiyat avantaj\u0131 sayesinde Uluda\u011f\u2019a ula\u015f\u0131m&#8230;<\/p>\n","protected":false},"author":1,"featured_media":2397,"comment_status":"closed","ping_status":"closed","sticky":false,"template":"","format":"standard","meta":{"_acf_changed":false,"_kad_post_transparent":"","_kad_post_title":"","_kad_post_layout":"","_kad_post_sidebar_id":"","_kad_post_content_style":"","_kad_post_vertical_padding":"","_kad_post_feature":"","_kad_post_feature_position":"","_kad_post_header":false,"_kad_post_footer":false,"_kad_post_classname":"","footnotes":""},"categories":[4],"tags":[],"class_list":{"0":"post-2387","1":"post","2":"type-post","3":"status-publish","4":"format-standard","5":"has-post-thumbnail","7":"category-bytransfer"},"acf":[],"_links":{"self":[{"href":"https:\/\/www.bytransfer.com.tr\/yeni\/wp-json\/wp\/v2\/posts\/2387","targetHints":{"allow":["GET"]}}],"collection":[{"href":"https:\/\/www.bytransfer.com.tr\/yeni\/wp-json\/wp\/v2\/posts"}],"about":[{"href":"https:\/\/www.bytransfer.com.tr\/yeni\/wp-json\/wp\/v2\/types\/post"}],"author":[{"embeddable":true,"href":"https:\/\/www.bytransfer.com.tr\/yeni\/wp-json\/wp\/v2\/users\/1"}],"replies":[{"embeddable":true,"href":"https:\/\/www.bytransfer.com.tr\/yeni\/wp-json\/wp\/v2\/comments?post=2387"}],"version-history":[{"count":1,"href":"https:\/\/www.bytransfer.com.tr\/yeni\/wp-json\/wp\/v2\/posts\/2387\/revisions"}],"predecessor-version":[{"id":2406,"href":"https:\/\/www.bytransfer.com.tr\/yeni\/wp-json\/wp\/v2\/posts\/2387\/revisions\/2406"}],"wp:featuredmedia":[{"embeddable":true,"href":"https:\/\/www.bytransfer.com.tr\/yeni\/wp-json\/wp\/v2\/media\/2397"}],"wp:attachment":[{"href":"https:\/\/www.bytransfer.com.tr\/yeni\/wp-json\/wp\/v2\/media?parent=2387"}],"wp:term":[{"taxonomy":"category","embeddable":true,"href":"https:\/\/www.bytransfer.com.tr\/yeni\/wp-json\/wp\/v2\/categories?post=2387"},{"taxonomy":"post_tag","embeddable":true,"href":"https:\/\/www.bytransfer.com.tr\/yeni\/wp-json\/wp\/v2\/tags?post=2387"}],"curies":[{"name":"wp","href":"https:\/\/api.w.org\/{rel}","templated":true}]}}