{"id":825,"date":"2024-12-11T16:34:50","date_gmt":"2024-12-11T13:34:50","guid":{"rendered":"https:\/\/bytransfer.com.tr\/?p=825"},"modified":"2026-04-17T12:43:40","modified_gmt":"2026-04-17T12:43:40","slug":"sirince-nerede-sirinceye-nasil-gidilir","status":"publish","type":"post","link":"https:\/\/www.bytransfer.com.tr\/yeni\/sirince-nerede-sirinceye-nasil-gidilir\/","title":{"rendered":"\u015eirince Nerede? \u015eirince&#8217;ye Nas\u0131l Gidilir?"},"content":{"rendered":"\n<h1 class=\"wp-block-heading\"><strong>\u015eirince Nerede? \u015eirince&#8217;ye Nas\u0131l Gidilir?<\/strong><\/h1>\n\n\n<figure><img decoding=\"async\" src=\"https:\/\/www.bytransfer.com.tr\/yeni\/wp-content\/uploads\/Sirince-Nerede.jpg\" alt=\"\" \/><\/figure>\n\n\n<p>\u015eirince nerede sorusu, Ege B\u00f6lgesi\u2019ni gezmeye haz\u0131rlanan bir\u00e7ok ki\u015finin akl\u0131na tak\u0131lan \u00f6nemli bir merak konusudur. \u00d6zellikle tarihin, k\u00fclt\u00fcr\u00fcn ve do\u011fan\u0131n i\u00e7 i\u00e7e ge\u00e7ti\u011fi bu e\u015fsiz k\u00f6y, ziyaret\u00e7ilerine huzurlu bir atmosfer ve farkl\u0131 bir deneyim sunmaktad\u0131r.<\/p>\n\n\n\n<p>Peki, \u015firince k\u00f6y\u00fc nerede ve \u015firinceye nas\u0131l gidilir diye soranlar i\u00e7in bu rehber, ad\u0131m ad\u0131m t\u00fcm detaylar\u0131yla sizi bilgilendirecek. Bu yaz\u0131da, \u015eirince\u2019nin konumundan tarihine, ula\u015f\u0131m alternatiflerinden yerel k\u00fclt\u00fcrel de\u011ferlerine kadar pek \u00e7ok konuya de\u011finerek, ziyaretinizi daha keyifli ve planl\u0131 hale getirmenizi ama\u00e7l\u0131yoruz.<\/p>\n\n\n\n<h2 class=\"wp-block-heading\">\u015eirince Hakk\u0131nda Genel Bilgi<\/h2>\n\n\n\n<p>\u015eirince, tarihi dokusu, \u00f6zg\u00fcn mimarisi, lezzetli \u015faraplar\u0131 ve sakin atmosferiyle Ege\u2019nin sakl\u0131 cennetlerinden biridir. K\u00f6y\u00fcn ge\u00e7mi\u015fi olduk\u00e7a eski d\u00f6nemlere dayan\u0131r; Bizans\u2019tan Osmanl\u0131\u2019ya uzanan s\u00fcre\u00e7te s\u00fcrekli bir yerle\u015fim yeri olarak varl\u0131\u011f\u0131n\u0131 korumu\u015ftur. Eski Rum evleriyle \u00fcnl\u00fc olan bu k\u00f6y, g\u00fcn\u00fcm\u00fczde turistik a\u00e7\u0131dan \u00f6nemli bir \u00e7ekim merkezi haline gelmi\u015ftir.<\/p>\n\n\n\n<p>\u00d6zellikle yerel \u00fcretim \u015faraplar\u0131 \u015eirince\u2019yi \u00fcne kavu\u015fturmu\u015ftur. \u00dcz\u00fcmlerinin kalitesi, k\u00f6y\u00fcn mikroklimatik \u00f6zelliklerinden kaynaklan\u0131r ve buradaki \u015farap imalathaneleri, ziyaret\u00e7ilere tatma imk\u00e2n\u0131 sunar. Tarihi evleri, Arnavut kald\u0131r\u0131ml\u0131 sokaklar\u0131, reng\u00e2renk \u00e7i\u00e7ekler ve mis kokulu bitkilerle bezenmi\u015f bah\u00e7eleri, hem g\u00f6rsel bir \u015f\u00f6len hem de huzurlu bir ka\u00e7\u0131\u015f vadeder.<\/p>\n\n\n\n<p>\u015eirince\u2019yi ziyaret etmek i\u00e7in pek \u00e7ok nedeniniz olabilir. Do\u011fal g\u00fczelliklerin yan\u0131 s\u0131ra burada d\u00fczenlenen etkinlikler, festivaller ve \u015fenlikler de k\u00f6y\u00fcn ya\u015fant\u0131s\u0131n\u0131 daha renkli k\u0131lar. Sessizli\u011fi, huzurlu atmosferi, kendine \u00f6zg\u00fc lezzetleri ve s\u0131cakkanl\u0131 yerel halk\u0131 sayesinde \u015eirince, ger\u00e7ekten de ke\u015ffedilmeye de\u011fer bir destinasyondur.<\/p>\n\n\n\n<h2 class=\"wp-block-heading\">\u015eirince Nerede?<\/h2>\n\n\n\n<p>\u015eirince nerede diye merak edenler i\u00e7in s\u00f6ylemek gerekir ki bu \u015firin k\u00f6y, \u0130zmir ilinin Sel\u00e7uk il\u00e7esi s\u0131n\u0131rlar\u0131 i\u00e7erisinde yer almaktad\u0131r. Ege B\u00f6lgesi\u2019nin incisi olan \u0130zmir\u2019e yakla\u015f\u0131k 80 kilometre mesafede bulunan \u015eirince, co\u011frafi konumuyla da olduk\u00e7a avantajl\u0131 bir noktadad\u0131r.<\/p>\n\n\n\n<p>K\u00f6y, Efes Antik Kenti gibi tarihi ve turistik b\u00f6lgelere yak\u0131nl\u0131\u011f\u0131yla bilinir. Bu sayede hem \u015eirince\u2019nin sakin atmosferini ya\u015fayabilir hem de \u00e7evredeki \u00f6nemli tarihi alanlar\u0131 ke\u015ffedebilirsiniz. Konumunun avantajlar\u0131n\u0131 de\u011ferlendiren ziyaret\u00e7iler, \u015eirince ve \u00e7evresinde dolu dolu bir tatil plan\u0131 yapabilirler.<\/p>\n\n\n<figure><img decoding=\"async\" src=\"https:\/\/www.bytransfer.com.tr\/yeni\/wp-content\/uploads\/Sirince-Nereye-Bagli.jpg\" alt=\"\" \/><\/figure>\n\n\n<h2 class=\"wp-block-heading\">\u015eirince&#8217;ye Nas\u0131l Gidilir?<\/h2>\n\n\n\n<p>\u015eirince\u2019ye ula\u015f\u0131m konusunda \u00e7e\u015fitli alternatifler mevcuttur. \u00d6zel arac\u0131n\u0131zla \u0130zmir ya da Ayd\u0131n y\u00f6n\u00fcnden Sel\u00e7uk il\u00e7esine do\u011fru ilerleyebilir, il\u00e7eden sonra \u015eirince tabelalar\u0131n\u0131 takip ederek kolayca k\u00f6ye ula\u015fabilirsiniz. Yol \u00fczerinde rahat\u00e7a ilerlemenizi sa\u011flayacak y\u00f6nlendirmeler, s\u00fcr\u00fc\u015f\u00fcn\u00fcz\u00fc daha kolay ve keyifli k\u0131lar.<\/p>\n\n\n\n<p>Toplu ta\u015f\u0131ma kullanmak isteyenler i\u00e7in Sel\u00e7uk\u2019tan kalkan minib\u00fcs veya dolmu\u015flar, \u015eirince\u2019ye d\u00fczenli seferler d\u00fczenler. B\u00f6lgeye \u00f6zel transfer hizmetleri de mevcuttur. Bu sayede hem konforlu hem de h\u0131zl\u0131 bir ula\u015f\u0131m deneyimi ya\u015fayabilir, zamandan tasarruf edebilirsiniz.<\/p>\n\n\n\n<h2 class=\"wp-block-heading\">\u015eirince Nereye Ba\u011fl\u0131?<\/h2>\n\n\n\n<p><strong><br><\/strong>\u015eirince nereye ba\u011fl\u0131 sorusuna verilecek en net cevap: \u015eirince, \u0130zmir\u2019in turistik il\u00e7esi Sel\u00e7uk\u2019a ba\u011fl\u0131 bir k\u00f6yd\u00fcr. Sel\u00e7uk il\u00e7e merkezine yakla\u015f\u0131k 8 kilometre mesafede konumlanmas\u0131 sayesinde, Sel\u00e7uk ile \u015eirince aras\u0131nda kolay bir ula\u015f\u0131m m\u00fcmk\u00fcnd\u00fcr. \u0130l\u00e7e merkezi ile k\u00f6y aras\u0131ndaki ba\u011flant\u0131 yollar\u0131 ve d\u00fczenli minib\u00fcs seferleri, ziyaret\u00e7ilerin k\u00f6ye rahat\u00e7a ula\u015fmas\u0131na imk\u00e2n sunar.<\/p>\n\n\n\n<h2 class=\"wp-block-heading\">\u0130zmir&#8217;den \u015eirince&#8217;ye Nas\u0131l Gidilir?<\/h2>\n\n\n\n<p>\u0130zmir\u2019den yola \u00e7\u0131kanlar i\u00e7in \u015firince k\u00f6y\u00fc yol tarifi olduk\u00e7a basittir. \u00d6zel arac\u0131n\u0131zla \u0130zmir merkezden yola \u00e7\u0131kt\u0131\u011f\u0131n\u0131zda \u00f6nce Sel\u00e7uk il\u00e7esine do\u011fru ilerlemeniz gerekir. \u0130zmir-Ayd\u0131n otoyolu veya D550 karayolunu takip ederek Sel\u00e7uk\u2019a ula\u015ft\u0131ktan sonra, il\u00e7e merkezinden \u015eirince y\u00f6n\u00fcne do\u011fru tabelalar\u0131 izleyerek k\u00f6ye varabilirsiniz.<\/p>\n\n\n\n<p>Toplu ta\u015f\u0131ma tercih ediyorsan\u0131z, \u0130zmir\u2019den tren veya otob\u00fcsle Sel\u00e7uk\u2019a gidip, Sel\u00e7uk\u2019tan kalkan minib\u00fcslerle \u015eirince\u2019ye ula\u015fmak m\u00fcmk\u00fcnd\u00fcr. Dolmu\u015flar, d\u00fczenli aral\u0131klarla sefer yapt\u0131\u011f\u0131 i\u00e7in, s\u0131k bekleme s\u00fcreleriyle kar\u015f\u0131la\u015fmaz, konforlu bir \u015fekilde yolculu\u011funuzu tamamlayabilirsiniz.<\/p>\n\n\n\n<h2 class=\"wp-block-heading\">\u015eirince \u0130zmir Aras\u0131 Ka\u00e7 Kilometre?<\/h2>\n\n\n\n<p>\u0130zmir ile \u015eirince aras\u0131 mesafe yakla\u015f\u0131k 80 kilometredir. Bu mesafeyi \u00f6zel ara\u00e7la ortalama 1-1,5 saat aras\u0131nda kat edebilirsiniz. Toplu ta\u015f\u0131ma ile seyahat ediyorsan\u0131z, \u0130zmir\u2019den Sel\u00e7uk\u2019a tren veya otob\u00fcsle yakla\u015f\u0131k 1 saat 15 dakikada ula\u015f\u0131p, ard\u0131ndan Sel\u00e7uk\u2019tan \u015eirince\u2019ye minib\u00fcsle yakla\u015f\u0131k 20 dakikada varman\u0131z m\u00fcmk\u00fcnd\u00fcr.<\/p>\n\n\n\n<h2 class=\"wp-block-heading\">\u015eirince\u2019ye Toplu Ta\u015f\u0131ma ile Nas\u0131l Gidilir?<\/h2>\n\n\n\n<p>\u015eirince\u2019ye toplu ta\u015f\u0131ma ile gitmek isteyenler i\u00e7in en pratik y\u00f6ntemlerden biri, \u0130zmir\u2019den \u0130ZBAN veya otob\u00fcsle Sel\u00e7uk il\u00e7esine ula\u015ft\u0131ktan sonra Sel\u00e7uk\u2019tan kalkan minib\u00fcsleri kullanmakt\u0131r. \u0130ZBAN hatt\u0131 do\u011frudan \u015eirince\u2019ye ula\u015fmasa da Sel\u00e7uk istasyonunda inerek minib\u00fcslere aktarma yapabilirsiniz.<\/p>\n\n\n\n<p>Otob\u00fcs veya dolmu\u015f kullanmak isteyenler, \u0130zmir Otogar\u0131\u2019ndan Sel\u00e7uk\u2019a hareket eden otob\u00fcslerle il\u00e7eye varabilir, sonras\u0131nda il\u00e7e merkezinden kalkan minib\u00fcslerle yakla\u015f\u0131k 20 dakikal\u0131k bir yolculuk sonunda \u015eirince\u2019ye ula\u015fabilirler.<\/p>\n\n\n\n<h2 class=\"wp-block-heading\">\u0130ZBAN \u015eirince\u2019ye Gidiyor mu?<\/h2>\n\n\n\n<p>\u0130ZBAN, \u0130zmir ve \u00e7evre il\u00e7eler aras\u0131nda demiryolu ula\u015f\u0131m\u0131 sa\u011flayan bir hat olmakla birlikte, do\u011frudan \u015eirince\u2019ye gitmez. \u015eirince da\u011fl\u0131k bir b\u00f6lgede konumland\u0131\u011f\u0131 i\u00e7in \u0130ZBAN hatt\u0131 k\u00f6y\u00fcn i\u00e7ine kadar uzanmamaktad\u0131r. Ancak \u0130ZBAN ile Sel\u00e7uk istasyonuna ula\u015fabilir, buradan kalkan minib\u00fcslerle \u015eirince\u2019ye kolayca ge\u00e7ebilirsiniz. Bu aktarma y\u00f6ntemi, toplu ta\u015f\u0131may\u0131 tercih edenler i\u00e7in en h\u0131zl\u0131 ve pratik yollardan biridir.<\/p>\n\n\n<figure><img decoding=\"async\" src=\"https:\/\/www.bytransfer.com.tr\/yeni\/wp-content\/uploads\/Izmirden-Sirinceye-Nasil-Gidilir.jpg\" alt=\"\" \/><\/figure>\n\n\n<h2 class=\"wp-block-heading\">\u015eirince Yolculu\u011funuzu Dert Etmeyin! Transfer Hizmetlerimizle Yan\u0131n\u0131zday\u0131z<\/h2>\n\n\n\n<p>E\u011fer yolculu\u011funuzu planlarken konfor, h\u0131z ve ki\u015fiselle\u015ftirilmi\u015f hizmet \u00f6nceli\u011finizse, <a href=\"https:\/\/www.bytransfer.com.tr\/yeni\/transfer-bolgeleri\/izmir-sirince-transfer\/\" target=\"_blank\" rel=\"noreferrer noopener\"><strong>\u0130zmir \u015eirince transfer<\/strong><\/a> se\u00e7enekleri tam da size g\u00f6re. Bu noktada <strong>ByTransfer<\/strong> devreye giriyor.&nbsp;<\/p>\n\n\n\n<p>ByTransfer\u2019in sundu\u011fu \u00f6zel transfer hizmetleriyle seyahatinizi \u00f6nceden planlayabilir, rahat, g\u00fcvenli ve stressiz bir deneyim ya\u015fayabilirsiniz. \u0130zmir\u2019den \u015eirince\u2019ye yap\u0131lacak yolculuklar\u0131n\u0131zda ByTransfer\u2019i tercih ederek, b\u00f6lgenin g\u00fczelliklerini en konforlu ve zahmetsiz \u015fekilde ke\u015ffedebilirsiniz.<\/p>\n","protected":false},"excerpt":{"rendered":"<p>\u015eirince Nerede? \u015eirince&#8217;ye Nas\u0131l Gidilir? \u015eirince nerede sorusu, Ege B\u00f6lgesi\u2019ni gezmeye haz\u0131rlanan bir\u00e7ok ki\u015finin akl\u0131na tak\u0131lan \u00f6nemli bir merak konusudur. \u00d6zellikle tarihin, k\u00fclt\u00fcr\u00fcn ve do\u011fan\u0131n i\u00e7 i\u00e7e ge\u00e7ti\u011fi bu e\u015fsiz k\u00f6y, ziyaret\u00e7ilerine huzurlu bir atmosfer ve farkl\u0131 bir deneyim sunmaktad\u0131r. Peki, \u015firince k\u00f6y\u00fc nerede ve \u015firinceye nas\u0131l gidilir diye soranlar i\u00e7in bu rehber, ad\u0131m ad\u0131m&#8230;<\/p>\n","protected":false},"author":1,"featured_media":2397,"comment_status":"closed","ping_status":"closed","sticky":false,"template":"","format":"standard","meta":{"_acf_changed":false,"_kad_post_transparent":"","_kad_post_title":"","_kad_post_layout":"","_kad_post_sidebar_id":"","_kad_post_content_style":"","_kad_post_vertical_padding":"","_kad_post_feature":"","_kad_post_feature_position":"","_kad_post_header":false,"_kad_post_footer":false,"_kad_post_classname":"","footnotes":""},"categories":[4],"tags":[],"class_list":{"0":"post-825","1":"post","2":"type-post","3":"status-publish","4":"format-standard","5":"has-post-thumbnail","7":"category-bytransfer"},"acf":[],"_links":{"self":[{"href":"https:\/\/www.bytransfer.com.tr\/yeni\/wp-json\/wp\/v2\/posts\/825","targetHints":{"allow":["GET"]}}],"collection":[{"href":"https:\/\/www.bytransfer.com.tr\/yeni\/wp-json\/wp\/v2\/posts"}],"about":[{"href":"https:\/\/www.bytransfer.com.tr\/yeni\/wp-json\/wp\/v2\/types\/post"}],"author":[{"embeddable":true,"href":"https:\/\/www.bytransfer.com.tr\/yeni\/wp-json\/wp\/v2\/users\/1"}],"replies":[{"embeddable":true,"href":"https:\/\/www.bytransfer.com.tr\/yeni\/wp-json\/wp\/v2\/comments?post=825"}],"version-history":[{"count":1,"href":"https:\/\/www.bytransfer.com.tr\/yeni\/wp-json\/wp\/v2\/posts\/825\/revisions"}],"predecessor-version":[{"id":2375,"href":"https:\/\/www.bytransfer.com.tr\/yeni\/wp-json\/wp\/v2\/posts\/825\/revisions\/2375"}],"wp:featuredmedia":[{"embeddable":true,"href":"https:\/\/www.bytransfer.com.tr\/yeni\/wp-json\/wp\/v2\/media\/2397"}],"wp:attachment":[{"href":"https:\/\/www.bytransfer.com.tr\/yeni\/wp-json\/wp\/v2\/media?parent=825"}],"wp:term":[{"taxonomy":"category","embeddable":true,"href":"https:\/\/www.bytransfer.com.tr\/yeni\/wp-json\/wp\/v2\/categories?post=825"},{"taxonomy":"post_tag","embeddable":true,"href":"https:\/\/www.bytransfer.com.tr\/yeni\/wp-json\/wp\/v2\/tags?post=825"}],"curies":[{"name":"wp","href":"https:\/\/api.w.org\/{rel}","templated":true}]}}